{"id":20530,"date":"2023-06-15T10:31:40","date_gmt":"2023-06-15T13:31:40","guid":{"rendered":"http:\/\/www.muricionline.com.br\/novo\/?p=20530"},"modified":"2023-06-15T10:32:26","modified_gmt":"2023-06-15T13:32:26","slug":"christiane-bulhoes-divulga-programacao-da-59a-festa-da-juventude-de-santana-do-ipanema","status":"publish","type":"post","link":"http:\/\/www.muricionline.com.br\/novo\/?p=20530","title":{"rendered":"Christiane Bulh\u00f5es divulga programa\u00e7\u00e3o da 59\u00aa Festa da Juventude de Santana do Ipanema"},"content":{"rendered":"<p>Festa ser\u00e1 realizada entre os dias 1 e 9 de julho e ter\u00e1 programa\u00e7\u00e3o esportiva, defile da Rainha da Juventude al\u00e9m dos shows musicais no Centro de Conviv\u00eancia, no Largo C\u00f4nego Jos\u00e9 Bulh\u00f5es<\/p>\n<p>A programa\u00e7\u00e3o da 59\u00aa Festa da Juventude foi divulgada na noite de hoje (14), pela prefeita de Santana do Ipanema, Christiane Bulh\u00f5es, durante abertura do S\u00e3o Jo\u00e3o de Janu\u00e1rio. O an\u00fancio foi transmitido ao vivo pelo Instagram da Prefeitura e pelas ondas da R\u00e1dio Correio do Sert\u00e3o 100,9 FM.<\/p>\n<p>A maior festa jovem do Estado de Alagoas ser\u00e1 realizada pela Prefeitura entre os dias 1 e 9 de julho para fazer de Santana a cidade mais badalada durante o m\u00eas de Julho de 2022. Ser\u00e3o 9 dias de muita festa com a programa\u00e7\u00e3o esportiva, o desfile da Rainha da Juventude e as apresenta\u00e7\u00f5es musicais.<\/p>\n<p>Os shows com artistas nacionais e os artistas da terra ser\u00e3o realizados nos dias 6, 7, 8 e 9. As atra\u00e7\u00f5es musicais s\u00e3o: Tarc\u00edsio do Acordeon, Iguinho e Lulinha, Z\u00e9 Felipe, Taty Girl, Peruano, Eric Land, Ra\u00ed Saia Rodada, Jonas Esticado, Luan Estiliazdo, Walisson Maicon, Luma Dantas, Giselda Costa e Vanessa.<\/p>\n<p>J\u00e1 entre os dias 1 e 6, a Prefeitura promover\u00e1 uma s\u00e9rie de competi\u00e7\u00f5es esportivas e o concurso da Rainha da Juventude.<\/p>\n<p>A festa ser\u00e1 realizada no Centro de Conviv\u00eancia no Largo C\u00f4nego Jos\u00e9 Bulh\u00f5es e contar\u00e1 com uma mega estrutura para receber o povo alegre e hospitaleiro e os turistas. A \u00e1rea total \u00e9 de 16.500 m\u00b2, com seguran\u00e7a contra inc\u00eandio e p\u00e2nico junto ao Corpo de Bombeiros Militar de Alagoas, e capacidade m\u00e1xima de comportar at\u00e9 25 mil pessoas.<\/p>\n<p>PROGRAMA\u00c7\u00c3O DOS SHOWS MUSICAIS<\/p>\n<p>Quinta-feira (6)<\/p>\n<p>Giselda e Vanessa<\/p>\n<p>Luan Estilizado<\/p>\n<p>Walisson Maicon<\/p>\n<p>Sexta-feira (7)<\/p>\n<p>Peruano<\/p>\n<p>Iguinho e Lulinha<\/p>\n<p>Tarc\u00edsio do Acordeon<\/p>\n<p>S\u00e1bado (8)<\/p>\n<p>Eric Land<\/p>\n<p>Taty Girl<\/p>\n<p>Saia Rodada<\/p>\n<p>Domingo (9)<\/p>\n<p>Luma Dantas<\/p>\n<p>Z\u00e9 Felipe<\/p>\n<p>Jonas Esticado<\/p>\n<p>PROGRAMA\u00c7\u00c3O ESPORTIVA<\/p>\n<p>S\u00c1BADO (1)<\/p>\n<p>8h<\/p>\n<p>Torneio Agrimaq da Juventude (8 equipes)<\/p>\n<p>Local: Est\u00e1dio Arnon de Melo<\/p>\n<p>9h<\/p>\n<p>Copa futebol digital da juventude<\/p>\n<p>Modalidades: FIFA e Efootball 2023<\/p>\n<p>Local: Audit\u00f3rio da Casa da Cultura<\/p>\n<p>16h<\/p>\n<p>Jecana<\/p>\n<p>Local: Rua Pedro Brand\u00e3o<\/p>\n<p>17h<\/p>\n<p>Corrida da juventude 4k e 8k (masculino e feminino)<\/p>\n<p>Local: Largo do Maracan\u00e3<\/p>\n<p>DOMINGO (2)<\/p>\n<p>8h<\/p>\n<p>Ciclismo da juventude<\/p>\n<p>4\u00b0 etapa XCM e Corrida de MTB<\/p>\n<p>Local: Laura Chagas<\/p>\n<p>9h<\/p>\n<p>Copa futebol digital da juventude<\/p>\n<p>Modalidades: FIFA e Efootball 2023<\/p>\n<p>Local: Audit\u00f3rio da Casa da Cultura<\/p>\n<p>SEGUNDA (3)<\/p>\n<p>19h<\/p>\n<p>Torneio de Sinuca<\/p>\n<p>Local: Bar da Sinuca no Largo do Maracan\u00e3<\/p>\n<p>19h<\/p>\n<p>Desafio Juventude Show 2 pra 2<\/p>\n<p>Local: Society Santana<\/p>\n<p>TER\u00c7A (4)<\/p>\n<p>19h<\/p>\n<p>Jogos de Areia (futev\u00f4lei e Beach Tennis)<\/p>\n<p>Local: T3 Arena Beach<\/p>\n<p>19h<\/p>\n<p>Torneio de Buraco<\/p>\n<p>Local: Quadra S\u00e3o Crist\u00f3v\u00e3o<\/p>\n<p>19h<\/p>\n<p>Desafio Juventude Show 2 pra 2<\/p>\n<p>Local: Society Santana<\/p>\n<p>QUARTA (5)<\/p>\n<p>19h<\/p>\n<p>Jogos de Areia (Futev\u00f4lei e Beach Tennis)<\/p>\n<p>Local: T3 Arena Beach<\/p>\n<p>19h<\/p>\n<p>Torneio de Buraco<\/p>\n<p>Local: Quadra S\u00e3o Crist\u00f3v\u00e3o<\/p>\n<p>19h<\/p>\n<p>Desafio Juventude Show 2 pra 2<\/p>\n<p>Local: Society Santana<\/p>\n<p>QUINTA (6)<\/p>\n<p>19h<\/p>\n<p>Entrega de premia\u00e7\u00f5es das modalidades esportivas<\/p>\n<p>Local: Pra\u00e7a Dr. Adelson Isaac de Miranda<\/p>\n<p>27h<\/p>\n<p>Desfile da Rainha da Juventude e apresenta\u00e7\u00e3o de DJ<\/p>\n<p>Local: Pra\u00e7a Dr. Adelson Isaac de Miranda<\/p>\n<p>&nbsp;<\/p>\n<p>Com Assessoria&nbsp;<\/p>\n<p><a href=\"http:\/\/www.muricionline.com.br\/novo\/wp-content\/uploads\/2023\/06\/6e8123f3-1a72-4f98-a8c2-157492eb6a3a-1.jpeg\"><img loading=\"lazy\" decoding=\"async\" class=\"aligncenter size-full wp-image-20533\" src=\"http:\/\/www.muricionline.com.br\/novo\/wp-content\/uploads\/2023\/06\/6e8123f3-1a72-4f98-a8c2-157492eb6a3a-1.jpeg\" alt=\"\" width=\"1080\" height=\"1350\" srcset=\"http:\/\/www.muricionline.com.br\/novo\/wp-content\/uploads\/2023\/06\/6e8123f3-1a72-4f98-a8c2-157492eb6a3a-1.jpeg 1080w, http:\/\/www.muricionline.com.br\/novo\/wp-content\/uploads\/2023\/06\/6e8123f3-1a72-4f98-a8c2-157492eb6a3a-1-200x250.jpeg 200w, http:\/\/www.muricionline.com.br\/novo\/wp-content\/uploads\/2023\/06\/6e8123f3-1a72-4f98-a8c2-157492eb6a3a-1-768x960.jpeg 768w, http:\/\/www.muricionline.com.br\/novo\/wp-content\/uploads\/2023\/06\/6e8123f3-1a72-4f98-a8c2-157492eb6a3a-1-320x400.jpeg 320w\" sizes=\"(max-width: 1080px) 100vw, 1080px\" \/><\/a><\/p>\n<span style=\"clear:both;display:none;\"><img src=\"http:\/\/www.muricionline.com.br\/novo\/wp-content\/plugins\/wp-spamfree\/img\/wpsf-img.php\" width=\"0\" height=\"0\" alt=\"\" style=\"border-style:none;width:0px;height:0px;display:none;\" \/><\/span>","protected":false},"excerpt":{"rendered":"<p>Festa ser\u00e1 realizada entre os dias 1 e 9 de julho e ter\u00e1 programa\u00e7\u00e3o esportiva, defile da Rainha da Juventude al\u00e9m dos shows musicais no Centro de Conviv\u00eancia, no Largo C\u00f4nego Jos\u00e9 Bulh\u00f5es A programa\u00e7\u00e3o da 59\u00aa Festa da Juventude foi divulgada na noite de hoje (14), pela prefeita de Santana do Ipanema, Christiane Bulh\u00f5es,&#8230;<\/p>\n","protected":false},"author":1,"featured_media":20531,"comment_status":"open","ping_status":"open","sticky":false,"template":"","format":"standard","meta":{"footnotes":""},"categories":[7,1],"tags":[5],"_links":{"self":[{"href":"http:\/\/www.muricionline.com.br\/novo\/index.php?rest_route=\/wp\/v2\/posts\/20530"}],"collection":[{"href":"http:\/\/www.muricionline.com.br\/novo\/index.php?rest_route=\/wp\/v2\/posts"}],"about":[{"href":"http:\/\/www.muricionline.com.br\/novo\/index.php?rest_route=\/wp\/v2\/types\/post"}],"author":[{"embeddable":true,"href":"http:\/\/www.muricionline.com.br\/novo\/index.php?rest_route=\/wp\/v2\/users\/1"}],"replies":[{"embeddable":true,"href":"http:\/\/www.muricionline.com.br\/novo\/index.php?rest_route=%2Fwp%2Fv2%2Fcomments&post=20530"}],"version-history":[{"count":2,"href":"http:\/\/www.muricionline.com.br\/novo\/index.php?rest_route=\/wp\/v2\/posts\/20530\/revisions"}],"predecessor-version":[{"id":20534,"href":"http:\/\/www.muricionline.com.br\/novo\/index.php?rest_route=\/wp\/v2\/posts\/20530\/revisions\/20534"}],"wp:featuredmedia":[{"embeddable":true,"href":"http:\/\/www.muricionline.com.br\/novo\/index.php?rest_route=\/wp\/v2\/media\/20531"}],"wp:attachment":[{"href":"http:\/\/www.muricionline.com.br\/novo\/index.php?rest_route=%2Fwp%2Fv2%2Fmedia&parent=20530"}],"wp:term":[{"taxonomy":"category","embeddable":true,"href":"http:\/\/www.muricionline.com.br\/novo\/index.php?rest_route=%2Fwp%2Fv2%2Fcategories&post=20530"},{"taxonomy":"post_tag","embeddable":true,"href":"http:\/\/www.muricionline.com.br\/novo\/index.php?rest_route=%2Fwp%2Fv2%2Ftags&post=20530"}],"curies":[{"name":"wp","href":"https:\/\/api.w.org\/{rel}","templated":true}]}}