{"id":20538,"date":"2023-06-15T20:41:12","date_gmt":"2023-06-15T23:41:12","guid":{"rendered":"http:\/\/www.muricionline.com.br\/novo\/?p=20538"},"modified":"2023-06-15T20:41:12","modified_gmt":"2023-06-15T23:41:12","slug":"prefeita-de-santana-participa-de-forum-regional-do-governo-de-alagoas-para-construcao-do-plano-plurianual","status":"publish","type":"post","link":"http:\/\/www.muricionline.com.br\/novo\/?p=20538","title":{"rendered":"Prefeita de Santana participa de F\u00f3rum Regional do Governo de Alagoas para constru\u00e7\u00e3o do Plano Plurianual"},"content":{"rendered":"<p>A prefeita de Santana do Ipanema, Christiane Bulh\u00f5es, participou nesta quarta-feira (14), do 8\u00ba F\u00f3rum Regional Participativo do Plano Plurianual (PPA), iniciativa do Governo de Alagoas que teve o objetivo de ouvir a sociedade para a constru\u00e7\u00e3o do PPA \u2013 principal mecanismo de planejamento governamental para os pr\u00f3ximos quatro anos.<\/p>\n<p>O f\u00f3rum foi realizado na Universidade Federal de Alagoas (UFAL) Santana do Ipanema e foi voltada a comunidade escolar, profissionais da sa\u00fade, povos origin\u00e1rios, l\u00edderes comunit\u00e1rios, gestores da regi\u00e3o, conselhos, sindicatos, popula\u00e7\u00e3o e representantes de 14 munic\u00edpios do m\u00e9dio sert\u00e3o.<br \/>\nA prefeita Christiane Bulh\u00f5es, participou ao lado do vice-prefeito Iury Pinto, vereadores, secret\u00e1rios municipais, da secret\u00e1ria da Secretaria de Estado da Mulher e dos Direitos Humanos de Alagoas (Semudh), Maria Jos\u00e9, da secret\u00e1ria especial da Secretaria de Estado do Planejamento, Gest\u00e3o e Patrim\u00f4nio de Alagoas (Seplag), Nath\u00e1lia Ara\u00fajo e demais autoridades de Santana e regi\u00e3o.<br \/>\nChristiane Bulh\u00f5es destacou que o f\u00f3rum regional \u00e9 uma oportunidade para \u2018construir juntos uma Alagoas ainda melhor para todos\u2019. A prefeita ainda agradeceu a equipe do Governo de Alagoas pela presen\u00e7a e importante contribui\u00e7\u00e3o para o desenvolvimento da regi\u00e3o.<\/p>\n<p>7 grupos tem\u00e1ticos trataram de diversos temas, dentre eles Infraestrutura, Mobilidade, Habita\u00e7\u00e3o, Urbaniza\u00e7\u00e3o, Sa\u00fade, Seguran\u00e7a, Assist\u00eancia Social, Educa\u00e7\u00e3o, Desenvolvimento Econ\u00f4mico, Esporte, Inova\u00e7\u00e3o, Lazer, Pol\u00edtica Agr\u00edcola, Juventude, Turismo, Mulher, Diversidades, Povos Tradicionais, Cultura, Meio Ambiente, Saneamento B\u00e1sico, Desastres Naturais e Seguran\u00e7a Alimentar.<\/p>\n<p>&nbsp;<\/p>\n<p>Com Assessoria&nbsp;<\/p>\n<span style=\"clear:both;display:none;\"><img src=\"http:\/\/www.muricionline.com.br\/novo\/wp-content\/plugins\/wp-spamfree\/img\/wpsf-img.php\" width=\"0\" height=\"0\" alt=\"\" style=\"border-style:none;width:0px;height:0px;display:none;\" \/><\/span>","protected":false},"excerpt":{"rendered":"<p>A prefeita de Santana do Ipanema, Christiane Bulh\u00f5es, participou nesta quarta-feira (14), do 8\u00ba F\u00f3rum Regional Participativo do Plano Plurianual (PPA), iniciativa do Governo de Alagoas que teve o objetivo de ouvir a sociedade para a constru\u00e7\u00e3o do PPA \u2013 principal mecanismo de planejamento governamental para os pr\u00f3ximos quatro anos. O f\u00f3rum foi realizado na&#8230;<\/p>\n","protected":false},"author":1,"featured_media":20539,"comment_status":"open","ping_status":"open","sticky":false,"template":"","format":"standard","meta":{"footnotes":""},"categories":[1],"tags":[5],"_links":{"self":[{"href":"http:\/\/www.muricionline.com.br\/novo\/index.php?rest_route=\/wp\/v2\/posts\/20538"}],"collection":[{"href":"http:\/\/www.muricionline.com.br\/novo\/index.php?rest_route=\/wp\/v2\/posts"}],"about":[{"href":"http:\/\/www.muricionline.com.br\/novo\/index.php?rest_route=\/wp\/v2\/types\/post"}],"author":[{"embeddable":true,"href":"http:\/\/www.muricionline.com.br\/novo\/index.php?rest_route=\/wp\/v2\/users\/1"}],"replies":[{"embeddable":true,"href":"http:\/\/www.muricionline.com.br\/novo\/index.php?rest_route=%2Fwp%2Fv2%2Fcomments&post=20538"}],"version-history":[{"count":1,"href":"http:\/\/www.muricionline.com.br\/novo\/index.php?rest_route=\/wp\/v2\/posts\/20538\/revisions"}],"predecessor-version":[{"id":20540,"href":"http:\/\/www.muricionline.com.br\/novo\/index.php?rest_route=\/wp\/v2\/posts\/20538\/revisions\/20540"}],"wp:featuredmedia":[{"embeddable":true,"href":"http:\/\/www.muricionline.com.br\/novo\/index.php?rest_route=\/wp\/v2\/media\/20539"}],"wp:attachment":[{"href":"http:\/\/www.muricionline.com.br\/novo\/index.php?rest_route=%2Fwp%2Fv2%2Fmedia&parent=20538"}],"wp:term":[{"taxonomy":"category","embeddable":true,"href":"http:\/\/www.muricionline.com.br\/novo\/index.php?rest_route=%2Fwp%2Fv2%2Fcategories&post=20538"},{"taxonomy":"post_tag","embeddable":true,"href":"http:\/\/www.muricionline.com.br\/novo\/index.php?rest_route=%2Fwp%2Fv2%2Ftags&post=20538"}],"curies":[{"name":"wp","href":"https:\/\/api.w.org\/{rel}","templated":true}]}}