{"id":20544,"date":"2023-06-17T07:05:00","date_gmt":"2023-06-17T10:05:00","guid":{"rendered":"http:\/\/www.muricionline.com.br\/novo\/?p=20544"},"modified":"2023-06-17T18:22:37","modified_gmt":"2023-06-17T21:22:37","slug":"prefeitura-de-sao-jose-da-laje-faz-pagamento-dos-precatorios-aos-professores-e-anuncia-investimentos-48-milhoes-na-educacao","status":"publish","type":"post","link":"http:\/\/www.muricionline.com.br\/novo\/?p=20544","title":{"rendered":"Prefeitura de S\u00e3o Jos\u00e9 da Laje faz pagamento dos precat\u00f3rios aos professores e anuncia investimentos 4,8 milh\u00f5es na educa\u00e7\u00e3o"},"content":{"rendered":"<p>A Prefeitura de S\u00e3o Jos\u00e9 da Laje tem o prazer de anunciar um importante marco na valoriza\u00e7\u00e3o da educa\u00e7\u00e3o no munic\u00edpio. Ap\u00f3s uma longa batalha judicial, os professores ser\u00e3o beneficiados com o pagamento dos precat\u00f3rios da educa\u00e7\u00e3o. Os recursos somam mais de R$4,8 milh\u00f5es e j\u00e1 est\u00e3o dispon\u00edveis nas contas dos Lajenses.<\/p>\n<p>O pagamento abrange n\u00e3o apenas os professores em atividade, mas tamb\u00e9m os herdeiros dos profissionais do magist\u00e9rio falecidos. Essa conquista \u00e9 fruto de uma luta que teve in\u00edcio em 2015, quando o munic\u00edpio, sob a gest\u00e3o ativa do ex-prefeito Rodrigo Valen\u00e7a, ingressou na justi\u00e7a em defesa dos direitos dos professores.<\/p>\n<p><a href=\"http:\/\/www.muricionline.com.br\/novo\/wp-content\/uploads\/2023\/06\/6fd9d5d1-a107-41cd-b87c-2d6a618a7996.jpeg\"><img loading=\"lazy\" decoding=\"async\" class=\"aligncenter size-full wp-image-20561\" src=\"http:\/\/www.muricionline.com.br\/novo\/wp-content\/uploads\/2023\/06\/6fd9d5d1-a107-41cd-b87c-2d6a618a7996.jpeg\" alt=\"\" width=\"1024\" height=\"683\" srcset=\"http:\/\/www.muricionline.com.br\/novo\/wp-content\/uploads\/2023\/06\/6fd9d5d1-a107-41cd-b87c-2d6a618a7996.jpeg 1024w, http:\/\/www.muricionline.com.br\/novo\/wp-content\/uploads\/2023\/06\/6fd9d5d1-a107-41cd-b87c-2d6a618a7996-250x167.jpeg 250w, http:\/\/www.muricionline.com.br\/novo\/wp-content\/uploads\/2023\/06\/6fd9d5d1-a107-41cd-b87c-2d6a618a7996-768x512.jpeg 768w, http:\/\/www.muricionline.com.br\/novo\/wp-content\/uploads\/2023\/06\/6fd9d5d1-a107-41cd-b87c-2d6a618a7996-400x267.jpeg 400w\" sizes=\"(max-width: 1024px) 100vw, 1024px\" \/><\/a><\/p>\n<p>O pagamento dos precat\u00f3rios dos professores da Laje \u00e9 uma vit\u00f3ria significativa, reconhecendo o trabalho e o direito desses educadores, al\u00e9m de proporcionar-lhes a devida remunera\u00e7\u00e3o.<\/p>\n<p>O compromisso da Prefeitura de S\u00e3o Jos\u00e9 da Laje com a valoriza\u00e7\u00e3o dos educadores e o reconhecimento de sua import\u00e2ncia na constru\u00e7\u00e3o de uma sociedade mais justa e desenvolvida \u00e9 evidenciado por essa conquista. A administra\u00e7\u00e3o municipal acredita que essa vit\u00f3ria marca apenas o in\u00edcio de uma trajet\u00f3ria ainda mais promissora para os professores da Laje, onde a valoriza\u00e7\u00e3o e o respeito ser\u00e3o constantes.<\/p>\n<p>Parabenizamos todos os profissionais da educa\u00e7\u00e3o que contribu\u00edram para essa conquista e reafirmamos o compromisso da Prefeitura de S\u00e3o Jos\u00e9 da Laje em continuar trabalhando em prol de uma educa\u00e7\u00e3o de qualidade, valorizando aqueles que dedicam suas vidas ao ensino e \u00e0 forma\u00e7\u00e3o das futuras gera\u00e7\u00f5es.<\/p>\n<div id='gallery-1' class='gallery galleryid-20544 gallery-columns-3 gallery-size-thumbnail'><figure class='gallery-item'>\n\t\t\t<div class='gallery-icon landscape'>\n\t\t\t\t<a href='http:\/\/www.muricionline.com.br\/novo\/?attachment_id=20564'><img loading=\"lazy\" decoding=\"async\" width=\"80\" height=\"80\" src=\"http:\/\/www.muricionline.com.br\/novo\/wp-content\/uploads\/2023\/06\/9dc65021-8318-4ec0-816a-eb7b8d592512-150x150.jpeg\" class=\"attachment-thumbnail size-thumbnail\" alt=\"\" \/><\/a>\n\t\t\t<\/div><\/figure><figure class='gallery-item'>\n\t\t\t<div class='gallery-icon landscape'>\n\t\t\t\t<a href='http:\/\/www.muricionline.com.br\/novo\/?attachment_id=20565'><img loading=\"lazy\" decoding=\"async\" width=\"80\" height=\"80\" src=\"http:\/\/www.muricionline.com.br\/novo\/wp-content\/uploads\/2023\/06\/6fd9d5d1-a107-41cd-b87c-2d6a618a7996-1-150x150.jpeg\" class=\"attachment-thumbnail size-thumbnail\" alt=\"\" \/><\/a>\n\t\t\t<\/div><\/figure><figure class='gallery-item'>\n\t\t\t<div class='gallery-icon landscape'>\n\t\t\t\t<a href='http:\/\/www.muricionline.com.br\/novo\/?attachment_id=20566'><img loading=\"lazy\" decoding=\"async\" width=\"80\" height=\"80\" src=\"http:\/\/www.muricionline.com.br\/novo\/wp-content\/uploads\/2023\/06\/7eb9b891-9480-4c89-9961-b46c8a504a8a-1-150x150.jpeg\" class=\"attachment-thumbnail size-thumbnail\" alt=\"\" \/><\/a>\n\t\t\t<\/div><\/figure><figure class='gallery-item'>\n\t\t\t<div class='gallery-icon landscape'>\n\t\t\t\t<a href='http:\/\/www.muricionline.com.br\/novo\/?attachment_id=20567'><img loading=\"lazy\" decoding=\"async\" width=\"80\" height=\"80\" src=\"http:\/\/www.muricionline.com.br\/novo\/wp-content\/uploads\/2023\/06\/IMG_2651_jpg-150x150.jpeg\" class=\"attachment-thumbnail size-thumbnail\" alt=\"\" \/><\/a>\n\t\t\t<\/div><\/figure><figure class='gallery-item'>\n\t\t\t<div class='gallery-icon landscape'>\n\t\t\t\t<a href='http:\/\/www.muricionline.com.br\/novo\/?attachment_id=20546'><img loading=\"lazy\" decoding=\"async\" width=\"80\" height=\"80\" src=\"http:\/\/www.muricionline.com.br\/novo\/wp-content\/uploads\/2023\/06\/f705151f-8cbd-4569-8aa4-42808b883e4d-1-150x150.jpeg\" class=\"attachment-thumbnail size-thumbnail\" alt=\"\" \/><\/a>\n\t\t\t<\/div><\/figure><figure class='gallery-item'>\n\t\t\t<div class='gallery-icon landscape'>\n\t\t\t\t<a href='http:\/\/www.muricionline.com.br\/novo\/?attachment_id=20560'><img loading=\"lazy\" decoding=\"async\" width=\"80\" height=\"80\" src=\"http:\/\/www.muricionline.com.br\/novo\/wp-content\/uploads\/2023\/06\/7eb9b891-9480-4c89-9961-b46c8a504a8a-150x150.jpeg\" class=\"attachment-thumbnail size-thumbnail\" alt=\"\" \/><\/a>\n\t\t\t<\/div><\/figure>\n\t\t<\/div>\n\n<p>&nbsp;<\/p>\n<p>Com Assessoria&nbsp;<\/p>\n<span style=\"clear:both;display:none;\"><img src=\"http:\/\/www.muricionline.com.br\/novo\/wp-content\/plugins\/wp-spamfree\/img\/wpsf-img.php\" width=\"0\" height=\"0\" alt=\"\" style=\"border-style:none;width:0px;height:0px;display:none;\" \/><\/span>","protected":false},"excerpt":{"rendered":"<p>A Prefeitura de S\u00e3o Jos\u00e9 da Laje tem o prazer de anunciar um importante marco na valoriza\u00e7\u00e3o da educa\u00e7\u00e3o no munic\u00edpio. Ap\u00f3s uma longa batalha judicial, os professores ser\u00e3o beneficiados com o pagamento dos precat\u00f3rios da educa\u00e7\u00e3o. Os recursos somam mais de R$4,8 milh\u00f5es e j\u00e1 est\u00e3o dispon\u00edveis nas contas dos Lajenses. O pagamento abrange&#8230;<\/p>\n","protected":false},"author":1,"featured_media":20560,"comment_status":"open","ping_status":"open","sticky":false,"template":"","format":"standard","meta":{"footnotes":""},"categories":[1],"tags":[5],"_links":{"self":[{"href":"http:\/\/www.muricionline.com.br\/novo\/index.php?rest_route=\/wp\/v2\/posts\/20544"}],"collection":[{"href":"http:\/\/www.muricionline.com.br\/novo\/index.php?rest_route=\/wp\/v2\/posts"}],"about":[{"href":"http:\/\/www.muricionline.com.br\/novo\/index.php?rest_route=\/wp\/v2\/types\/post"}],"author":[{"embeddable":true,"href":"http:\/\/www.muricionline.com.br\/novo\/index.php?rest_route=\/wp\/v2\/users\/1"}],"replies":[{"embeddable":true,"href":"http:\/\/www.muricionline.com.br\/novo\/index.php?rest_route=%2Fwp%2Fv2%2Fcomments&post=20544"}],"version-history":[{"count":4,"href":"http:\/\/www.muricionline.com.br\/novo\/index.php?rest_route=\/wp\/v2\/posts\/20544\/revisions"}],"predecessor-version":[{"id":20568,"href":"http:\/\/www.muricionline.com.br\/novo\/index.php?rest_route=\/wp\/v2\/posts\/20544\/revisions\/20568"}],"wp:featuredmedia":[{"embeddable":true,"href":"http:\/\/www.muricionline.com.br\/novo\/index.php?rest_route=\/wp\/v2\/media\/20560"}],"wp:attachment":[{"href":"http:\/\/www.muricionline.com.br\/novo\/index.php?rest_route=%2Fwp%2Fv2%2Fmedia&parent=20544"}],"wp:term":[{"taxonomy":"category","embeddable":true,"href":"http:\/\/www.muricionline.com.br\/novo\/index.php?rest_route=%2Fwp%2Fv2%2Fcategories&post=20544"},{"taxonomy":"post_tag","embeddable":true,"href":"http:\/\/www.muricionline.com.br\/novo\/index.php?rest_route=%2Fwp%2Fv2%2Ftags&post=20544"}],"curies":[{"name":"wp","href":"https:\/\/api.w.org\/{rel}","templated":true}]}}