{"id":20548,"date":"2023-06-17T07:09:06","date_gmt":"2023-06-17T10:09:06","guid":{"rendered":"http:\/\/www.muricionline.com.br\/novo\/?p=20548"},"modified":"2023-06-17T07:09:06","modified_gmt":"2023-06-17T10:09:06","slug":"santana-tera-casa-da-mulher-brasileira-para-fortalecer-servicos-especializados-e-promover-empoderamento-feminino","status":"publish","type":"post","link":"http:\/\/www.muricionline.com.br\/novo\/?p=20548","title":{"rendered":"Santana ter\u00e1 Casa da Mulher Brasileira para fortalecer servi\u00e7os especializados e promover empoderamento feminino"},"content":{"rendered":"<p>Santana ter\u00e1 uma Casa da Mulher Brasileira. A prefeita Christiane Bulh\u00f5es, os secret\u00e1rios municipais Marcelo Melo, Renilde Bulh\u00f5es e Vera Ara\u00fajo e a secret\u00e1ria da Secretaria de Estado da Mulher e dos Direitos Humanos de Alagoas (Semudh), Maria Silva, visitaram o terreno onde ser\u00e1 constru\u00edda a Casa da Mulher Brasileira, que ir\u00e1 ofertar atendimento \u00e0s mulheres em situa\u00e7\u00e3o de viol\u00eancia que tem como objetivo facilitar o acesso aos servi\u00e7os especializados para garantir condi\u00e7\u00f5es de enfrentamento da viol\u00eancia, o empoderamento da mulher e sua autonomia econ\u00f4mica.<\/p>\n<p>O equipamento \u00e9 uma das a\u00e7\u00f5es do programa Mulher, Viver sem Viol\u00eancia coordenado pela Secretaria de Pol\u00edticas para as Mulheres do Governo do Brasil&nbsp;que ser\u00e1 constru\u00eddo em 2 munic\u00edpios alagoanos, Macei\u00f3 e Santana do Ipanema, gra\u00e7as \u00e0 articula\u00e7\u00e3o do governador&nbsp;Paulo Dantas, da secret\u00e1ria&nbsp;Maria Silva e do deputado&nbsp;federal Isnaldo Bulh\u00f5es.<\/p>\n<p>O espa\u00e7o ser\u00e1 totalmente amplo e humanizado, integrando servi\u00e7os especializados como acolhimento e triagem, apoio psicossocial, delegacia, Juizado, Minist\u00e9rio P\u00fablico, Defensoria P\u00fablica, promo\u00e7\u00e3o de autonomia econ\u00f4mica, brinquedoteca, alojamento de passagem e central de transportes.<\/p>\n<p>Christiane Bulh\u00f5es falou estar ansiosa pelo in\u00edcio das obras e com o cora\u00e7\u00e3o repleto de gratid\u00e3o por fazer parte dessa hist\u00f3ria para Santana do Ipanema e regi\u00e3o. \u201cEssa \u00e9 uma grande conquista para as mulheres de toda a nossa regi\u00e3o\u201d.<\/p>\n<p>A secret\u00e1ria da Semudh enfatizou que \u00e9 importante a instrumentaliza\u00e7\u00e3o da casa nos governos Lula e Paulo Dantas. &#8220;O governador tem um olhar diferenciado para prote\u00e7\u00e3o e cuidado das mulheres e est\u00e1 sendo como refer\u00eancia no pa\u00eds por ter o maior secretariado de mulher no Brasil. \u00c9 com esse olhar cuidadoso que estamos pensando em cuidar das mulheres santanenses e sertanejas. A casa vai abrir outros espa\u00e7os e cuidados e far\u00e1 de Santana e do sert\u00e3o refer\u00eancia\u201d.<\/p>\n<p>Com Assessoria&nbsp;<\/p>\n<span style=\"clear:both;display:none;\"><img src=\"http:\/\/www.muricionline.com.br\/novo\/wp-content\/plugins\/wp-spamfree\/img\/wpsf-img.php\" width=\"0\" height=\"0\" alt=\"\" style=\"border-style:none;width:0px;height:0px;display:none;\" \/><\/span>","protected":false},"excerpt":{"rendered":"<p>Santana ter\u00e1 uma Casa da Mulher Brasileira. A prefeita Christiane Bulh\u00f5es, os secret\u00e1rios municipais Marcelo Melo, Renilde Bulh\u00f5es e Vera Ara\u00fajo e a secret\u00e1ria da Secretaria de Estado da Mulher e dos Direitos Humanos de Alagoas (Semudh), Maria Silva, visitaram o terreno onde ser\u00e1 constru\u00edda a Casa da Mulher Brasileira, que ir\u00e1 ofertar atendimento \u00e0s&#8230;<\/p>\n","protected":false},"author":1,"featured_media":20549,"comment_status":"open","ping_status":"open","sticky":false,"template":"","format":"standard","meta":{"footnotes":""},"categories":[1],"tags":[5],"_links":{"self":[{"href":"http:\/\/www.muricionline.com.br\/novo\/index.php?rest_route=\/wp\/v2\/posts\/20548"}],"collection":[{"href":"http:\/\/www.muricionline.com.br\/novo\/index.php?rest_route=\/wp\/v2\/posts"}],"about":[{"href":"http:\/\/www.muricionline.com.br\/novo\/index.php?rest_route=\/wp\/v2\/types\/post"}],"author":[{"embeddable":true,"href":"http:\/\/www.muricionline.com.br\/novo\/index.php?rest_route=\/wp\/v2\/users\/1"}],"replies":[{"embeddable":true,"href":"http:\/\/www.muricionline.com.br\/novo\/index.php?rest_route=%2Fwp%2Fv2%2Fcomments&post=20548"}],"version-history":[{"count":1,"href":"http:\/\/www.muricionline.com.br\/novo\/index.php?rest_route=\/wp\/v2\/posts\/20548\/revisions"}],"predecessor-version":[{"id":20550,"href":"http:\/\/www.muricionline.com.br\/novo\/index.php?rest_route=\/wp\/v2\/posts\/20548\/revisions\/20550"}],"wp:featuredmedia":[{"embeddable":true,"href":"http:\/\/www.muricionline.com.br\/novo\/index.php?rest_route=\/wp\/v2\/media\/20549"}],"wp:attachment":[{"href":"http:\/\/www.muricionline.com.br\/novo\/index.php?rest_route=%2Fwp%2Fv2%2Fmedia&parent=20548"}],"wp:term":[{"taxonomy":"category","embeddable":true,"href":"http:\/\/www.muricionline.com.br\/novo\/index.php?rest_route=%2Fwp%2Fv2%2Fcategories&post=20548"},{"taxonomy":"post_tag","embeddable":true,"href":"http:\/\/www.muricionline.com.br\/novo\/index.php?rest_route=%2Fwp%2Fv2%2Ftags&post=20548"}],"curies":[{"name":"wp","href":"https:\/\/api.w.org\/{rel}","templated":true}]}}