{"id":20551,"date":"2023-06-17T12:04:10","date_gmt":"2023-06-17T15:04:10","guid":{"rendered":"http:\/\/www.muricionline.com.br\/novo\/?p=20551"},"modified":"2023-06-17T12:04:10","modified_gmt":"2023-06-17T15:04:10","slug":"educacao-de-santana-do-mundau-recebe-reforco-na-frota-de-veiculos-durante-programacao-da-emancipacao-politica","status":"publish","type":"post","link":"http:\/\/www.muricionline.com.br\/novo\/?p=20551","title":{"rendered":"Educa\u00e7\u00e3o de Santana do Munda\u00fa recebe refor\u00e7o na frota de ve\u00edculos durante programa\u00e7\u00e3o da emancipa\u00e7\u00e3o pol\u00edtica"},"content":{"rendered":"<p>A Educa\u00e7\u00e3o de Santana do Munda\u00fa recebeu novos investimentos com refor\u00e7o na frota escolar. Durante a programa\u00e7\u00e3o de comemora\u00e7\u00e3o aos 63 anos de emancipa\u00e7\u00e3o pol\u00edtica, realizada nesta quarta-feira (14), o prefeito Arthur Freitas e o secret\u00e1rio Andr\u00e9 Castro entregaram \u00e0 pasta, um novo \u00f4nibus escolar com acessibilidade e duas motos &#8211; que ser\u00e3o utilizadas pela equipe da Busca Ativa Escolar.<\/p>\n<p>O prefeito Arthur Freitas relembrou os demais investimentos j\u00e1 realizado pela gest\u00e3o ao longo dos anos, como a constru\u00e7\u00e3o de novas creches e o crescimento do \u00cdndice de Desenvolvimento da Educa\u00e7\u00e3o B\u00e1sica (IDEB), que colocou o munic\u00edpio em primeiro lugar na zona da mata e em segundo lugar no estado.<\/p>\n<p>\u201cA nossa gest\u00e3o vem trabalhando com compromisso de proporcionar uma Educa\u00e7\u00e3o de qualidade e acess\u00edvel a todos os mundauenses. Com o refor\u00e7o na frota de ve\u00edculos, garantimos que os alunos tenham o conforto de serem levados \u00e0 escola e retornem as suas resid\u00eancias com seguran\u00e7a; j\u00e1 as novas motos ser\u00e3o utilizadas pela Busca Ativa, que deve intensificar o trabalho para que todos estejam matriculados em uma unidade de ensino. Investir em educa\u00e7\u00e3o \u00e9 promover desenvolvimento e garantir um futuro melhor para todos\u201d, completou o gestor.<\/p>\n<p>&nbsp;<\/p>\n<p>Com Assessoria&nbsp;<\/p>\n<span style=\"clear:both;display:none;\"><img src=\"http:\/\/www.muricionline.com.br\/novo\/wp-content\/plugins\/wp-spamfree\/img\/wpsf-img.php\" width=\"0\" height=\"0\" alt=\"\" style=\"border-style:none;width:0px;height:0px;display:none;\" \/><\/span>","protected":false},"excerpt":{"rendered":"<p>A Educa\u00e7\u00e3o de Santana do Munda\u00fa recebeu novos investimentos com refor\u00e7o na frota escolar. Durante a programa\u00e7\u00e3o de comemora\u00e7\u00e3o aos 63 anos de emancipa\u00e7\u00e3o pol\u00edtica, realizada nesta quarta-feira (14), o prefeito Arthur Freitas e o secret\u00e1rio Andr\u00e9 Castro entregaram \u00e0 pasta, um novo \u00f4nibus escolar com acessibilidade e duas motos &#8211; que ser\u00e3o utilizadas pela&#8230;<\/p>\n","protected":false},"author":1,"featured_media":20552,"comment_status":"open","ping_status":"open","sticky":false,"template":"","format":"standard","meta":{"footnotes":""},"categories":[1],"tags":[5],"_links":{"self":[{"href":"http:\/\/www.muricionline.com.br\/novo\/index.php?rest_route=\/wp\/v2\/posts\/20551"}],"collection":[{"href":"http:\/\/www.muricionline.com.br\/novo\/index.php?rest_route=\/wp\/v2\/posts"}],"about":[{"href":"http:\/\/www.muricionline.com.br\/novo\/index.php?rest_route=\/wp\/v2\/types\/post"}],"author":[{"embeddable":true,"href":"http:\/\/www.muricionline.com.br\/novo\/index.php?rest_route=\/wp\/v2\/users\/1"}],"replies":[{"embeddable":true,"href":"http:\/\/www.muricionline.com.br\/novo\/index.php?rest_route=%2Fwp%2Fv2%2Fcomments&post=20551"}],"version-history":[{"count":1,"href":"http:\/\/www.muricionline.com.br\/novo\/index.php?rest_route=\/wp\/v2\/posts\/20551\/revisions"}],"predecessor-version":[{"id":20553,"href":"http:\/\/www.muricionline.com.br\/novo\/index.php?rest_route=\/wp\/v2\/posts\/20551\/revisions\/20553"}],"wp:featuredmedia":[{"embeddable":true,"href":"http:\/\/www.muricionline.com.br\/novo\/index.php?rest_route=\/wp\/v2\/media\/20552"}],"wp:attachment":[{"href":"http:\/\/www.muricionline.com.br\/novo\/index.php?rest_route=%2Fwp%2Fv2%2Fmedia&parent=20551"}],"wp:term":[{"taxonomy":"category","embeddable":true,"href":"http:\/\/www.muricionline.com.br\/novo\/index.php?rest_route=%2Fwp%2Fv2%2Fcategories&post=20551"},{"taxonomy":"post_tag","embeddable":true,"href":"http:\/\/www.muricionline.com.br\/novo\/index.php?rest_route=%2Fwp%2Fv2%2Ftags&post=20551"}],"curies":[{"name":"wp","href":"https:\/\/api.w.org\/{rel}","templated":true}]}}