{"id":20554,"date":"2023-06-17T12:07:05","date_gmt":"2023-06-17T15:07:05","guid":{"rendered":"http:\/\/www.muricionline.com.br\/novo\/?p=20554"},"modified":"2023-06-17T12:07:05","modified_gmt":"2023-06-17T15:07:05","slug":"com-programacao-para-todas-as-idades-sao-joao-da-branquinha-e-da-nossa-gente-e-marcado-por-animacao","status":"publish","type":"post","link":"http:\/\/www.muricionline.com.br\/novo\/?p=20554","title":{"rendered":"Com programa\u00e7\u00e3o para todas as idades S\u00e3o Jo\u00e3o da Branquinha \u2018\u00e9 da nossa gente\u2019 \u00e9 marcado por anima\u00e7\u00e3o"},"content":{"rendered":"<p>Desde o dia 15 e at\u00e9 o pr\u00f3ximo domingo (18), a prefeitura de Branquinha est\u00e1 realizando a 1\u00aa edi\u00e7\u00e3o do S\u00e3o Jo\u00e3o \u2018\u00c9 da nossa gente\u2019 na Pra\u00e7a Jos\u00e9 Gomes de Freitas &#8211; centro da cidade. Com vila tem\u00e1tica, divers\u00e3o para a crian\u00e7ada e gastronomia, a programa\u00e7\u00e3o tamb\u00e9m conta com shows art\u00edsticos.<\/p>\n<p>Nesta sexta-feira (16), branquinhenses de todas as idades e visitantes, tamb\u00e9m puderam prestigiar o shows de cores e alegria na apresenta\u00e7\u00e3o das quadrilhas dos munic\u00edpios convidados: Flor do Nordeste (Ibateguara), Sonho Nordestino (Uni\u00e3o dos Palmares), Brilho Matuto (Uni\u00e3o dos Palmares), Junina Cora\u00e7\u00e3o Matuto (Messias) e Quadrilha Santa F\u00e9 (Macei\u00f3). J\u00e1 o ponto alto da noite ficou por conta do lan\u00e7amento emocionante da Quadrilha do munic\u00edpio, Junina Lua Branca. Com o tema \u2018Mulheres que Inspiram\u2019 os 48 componentes realizaram um verdadeiro espet\u00e1culo, que marcado por muita criatividade e emo\u00e7\u00e3o, arrancou aplausos de todos os presentes.<\/p>\n<p>\u201cCom o foco nas nossas ra\u00edzes e nas tradi\u00e7\u00f5es nordestinas, elaboramos esse evento de forma muito especial para a nossa popula\u00e7\u00e3o e os visitantes. Desde a Vila Tem\u00e1tica aos shows, tudo foi planejado com muito carinho para o p\u00fablico de todas as idades; est\u00e1 sendo uma festa linda, animada e muito tranquila. Tamb\u00e9m lan\u00e7amos a nossa quadrilha \u201cJunina Lua Branca\u201d, uma iniciativa que resgata e fortalece essa cultura t\u00e3o rica do nosso nordeste, e que j\u00e1 nessa primeira apresenta\u00e7\u00e3o, mostrou a que veio. Parabenizo a todos que integram o grupo pela dedica\u00e7\u00e3o e empenho; assim como, a todos os servidores envolvidos neste S\u00e3o Jo\u00e3o que \u00e9 da nossa gente\u201d, disse o prefeito Neno Freitas.<\/p>\n<p>O presidente da C\u00e2mara, Robinho do Bar, os vereadores Frank Eloi, Fabiano, Rei e Novinho; e o secretariado municipal, tamb\u00e9m prestigiaram a festa, que contou com shows de \u00cdris Ventura, Z\u00e9 Neto Le\u00e3o e M\u00e1quina do Tempo.<\/p>\n<p>A programa\u00e7\u00e3o segue com:<\/p>\n<p>S\u00e1bado (17)\u202818h Vila Tem\u00e1tica \u202822h Shows com: ANA LOBO, RENAN CRUZ e SANDY E MARCKELYNE<\/p>\n<p>Domingo (18) \u202818h Vila Tem\u00e1tica \u202822h Shows com: XAMEGO DE MENINA, KART LOVE e FORROZ\u00c3O DA ANTIGAS<\/p>\n<p>&nbsp;<\/p>\n<p>Com Assessoria&nbsp;<\/p>\n<span style=\"clear:both;display:none;\"><img src=\"http:\/\/www.muricionline.com.br\/novo\/wp-content\/plugins\/wp-spamfree\/img\/wpsf-img.php\" width=\"0\" height=\"0\" alt=\"\" style=\"border-style:none;width:0px;height:0px;display:none;\" \/><\/span>","protected":false},"excerpt":{"rendered":"<p>Desde o dia 15 e at\u00e9 o pr\u00f3ximo domingo (18), a prefeitura de Branquinha est\u00e1 realizando a 1\u00aa edi\u00e7\u00e3o do S\u00e3o Jo\u00e3o \u2018\u00c9 da nossa gente\u2019 na Pra\u00e7a Jos\u00e9 Gomes de Freitas &#8211; centro da cidade. Com vila tem\u00e1tica, divers\u00e3o para a crian\u00e7ada e gastronomia, a programa\u00e7\u00e3o tamb\u00e9m conta com shows art\u00edsticos. Nesta sexta-feira (16),&#8230;<\/p>\n","protected":false},"author":1,"featured_media":20555,"comment_status":"open","ping_status":"open","sticky":false,"template":"","format":"standard","meta":{"footnotes":""},"categories":[1],"tags":[5],"_links":{"self":[{"href":"http:\/\/www.muricionline.com.br\/novo\/index.php?rest_route=\/wp\/v2\/posts\/20554"}],"collection":[{"href":"http:\/\/www.muricionline.com.br\/novo\/index.php?rest_route=\/wp\/v2\/posts"}],"about":[{"href":"http:\/\/www.muricionline.com.br\/novo\/index.php?rest_route=\/wp\/v2\/types\/post"}],"author":[{"embeddable":true,"href":"http:\/\/www.muricionline.com.br\/novo\/index.php?rest_route=\/wp\/v2\/users\/1"}],"replies":[{"embeddable":true,"href":"http:\/\/www.muricionline.com.br\/novo\/index.php?rest_route=%2Fwp%2Fv2%2Fcomments&post=20554"}],"version-history":[{"count":1,"href":"http:\/\/www.muricionline.com.br\/novo\/index.php?rest_route=\/wp\/v2\/posts\/20554\/revisions"}],"predecessor-version":[{"id":20556,"href":"http:\/\/www.muricionline.com.br\/novo\/index.php?rest_route=\/wp\/v2\/posts\/20554\/revisions\/20556"}],"wp:featuredmedia":[{"embeddable":true,"href":"http:\/\/www.muricionline.com.br\/novo\/index.php?rest_route=\/wp\/v2\/media\/20555"}],"wp:attachment":[{"href":"http:\/\/www.muricionline.com.br\/novo\/index.php?rest_route=%2Fwp%2Fv2%2Fmedia&parent=20554"}],"wp:term":[{"taxonomy":"category","embeddable":true,"href":"http:\/\/www.muricionline.com.br\/novo\/index.php?rest_route=%2Fwp%2Fv2%2Fcategories&post=20554"},{"taxonomy":"post_tag","embeddable":true,"href":"http:\/\/www.muricionline.com.br\/novo\/index.php?rest_route=%2Fwp%2Fv2%2Ftags&post=20554"}],"curies":[{"name":"wp","href":"https:\/\/api.w.org\/{rel}","templated":true}]}}