{"id":20607,"date":"2023-06-21T01:59:26","date_gmt":"2023-06-21T04:59:26","guid":{"rendered":"http:\/\/www.muricionline.com.br\/novo\/?p=20607"},"modified":"2023-06-21T01:59:26","modified_gmt":"2023-06-21T04:59:26","slug":"governador-anuncia-pagamento-do-funcionalismo-para-sexta-feira-vespera-de-sao-joao","status":"publish","type":"post","link":"http:\/\/www.muricionline.com.br\/novo\/?p=20607","title":{"rendered":"Governador anuncia pagamento do funcionalismo para sexta-feira, v\u00e9spera de S\u00e3o Jo\u00e3o"},"content":{"rendered":"<p>O governador Paulo Dantas anunciou nesta ter\u00e7a-feira (20), em suas redes sociais, que o sal\u00e1rio referente ao m\u00eas de junho dos servidores p\u00fablicos estaduais ser\u00e1 pago nesta sexta-feira (23), v\u00e9spera de S\u00e3o Jo\u00e3o. &nbsp;Segundo Paulo Dantas, a antecipa\u00e7\u00e3o do pagamento \u00e9 um presente para que o funcionalismo possa curtir o S\u00e3o Jo\u00e3o com dinheiro no bolso.<\/p>\n<p>O governador ressaltou tamb\u00e9m que a medida beneficia cerca de 90 mil servidores, ativos e inativos, injetando na economia quase 500 milh\u00f5es de reais. \u201cIsso ajuda aos nossos empreendedores, ao nosso com\u00e9rcio e ao setor de servi\u00e7os\u201d, destacou.<\/p>\n<p>\u201cVoc\u00eas v\u00e3o dan\u00e7ar o S\u00e3o Jo\u00e3o com seu namorado, namorada, seus amigos, sua fam\u00edlia com dinheiro no bolso\u201d, comemorou o governador.<\/p>\n<p>Ainda durante o an\u00fancio, Paulo Dantas afirmou que, com esta medida, o Estado cumpre integralmente todos os compromissos assumidos com os servidores p\u00fablicos. \u201cN\u00f3s abra\u00e7amos o servidor p\u00fablico e ajudamos quem precisa\u201d, completou o governador.<\/p>\n<p>&nbsp;<\/p>\n<p>Com Ag\u00eancia Alagoas&nbsp;<\/p>\n<p>Foto: Divulga\u00e7\u00e3o&nbsp;<\/p>\n<span style=\"clear:both;display:none;\"><img src=\"http:\/\/www.muricionline.com.br\/novo\/wp-content\/plugins\/wp-spamfree\/img\/wpsf-img.php\" width=\"0\" height=\"0\" alt=\"\" style=\"border-style:none;width:0px;height:0px;display:none;\" \/><\/span>","protected":false},"excerpt":{"rendered":"<p>O governador Paulo Dantas anunciou nesta ter\u00e7a-feira (20), em suas redes sociais, que o sal\u00e1rio referente ao m\u00eas de junho dos servidores p\u00fablicos estaduais ser\u00e1 pago nesta sexta-feira (23), v\u00e9spera de S\u00e3o Jo\u00e3o. &nbsp;Segundo Paulo Dantas, a antecipa\u00e7\u00e3o do pagamento \u00e9 um presente para que o funcionalismo possa curtir o S\u00e3o Jo\u00e3o com dinheiro no&#8230;<\/p>\n","protected":false},"author":1,"featured_media":20608,"comment_status":"open","ping_status":"open","sticky":false,"template":"","format":"standard","meta":{"footnotes":""},"categories":[1],"tags":[5],"_links":{"self":[{"href":"http:\/\/www.muricionline.com.br\/novo\/index.php?rest_route=\/wp\/v2\/posts\/20607"}],"collection":[{"href":"http:\/\/www.muricionline.com.br\/novo\/index.php?rest_route=\/wp\/v2\/posts"}],"about":[{"href":"http:\/\/www.muricionline.com.br\/novo\/index.php?rest_route=\/wp\/v2\/types\/post"}],"author":[{"embeddable":true,"href":"http:\/\/www.muricionline.com.br\/novo\/index.php?rest_route=\/wp\/v2\/users\/1"}],"replies":[{"embeddable":true,"href":"http:\/\/www.muricionline.com.br\/novo\/index.php?rest_route=%2Fwp%2Fv2%2Fcomments&post=20607"}],"version-history":[{"count":1,"href":"http:\/\/www.muricionline.com.br\/novo\/index.php?rest_route=\/wp\/v2\/posts\/20607\/revisions"}],"predecessor-version":[{"id":20609,"href":"http:\/\/www.muricionline.com.br\/novo\/index.php?rest_route=\/wp\/v2\/posts\/20607\/revisions\/20609"}],"wp:featuredmedia":[{"embeddable":true,"href":"http:\/\/www.muricionline.com.br\/novo\/index.php?rest_route=\/wp\/v2\/media\/20608"}],"wp:attachment":[{"href":"http:\/\/www.muricionline.com.br\/novo\/index.php?rest_route=%2Fwp%2Fv2%2Fmedia&parent=20607"}],"wp:term":[{"taxonomy":"category","embeddable":true,"href":"http:\/\/www.muricionline.com.br\/novo\/index.php?rest_route=%2Fwp%2Fv2%2Fcategories&post=20607"},{"taxonomy":"post_tag","embeddable":true,"href":"http:\/\/www.muricionline.com.br\/novo\/index.php?rest_route=%2Fwp%2Fv2%2Ftags&post=20607"}],"curies":[{"name":"wp","href":"https:\/\/api.w.org\/{rel}","templated":true}]}}