{"id":20614,"date":"2023-06-21T12:33:55","date_gmt":"2023-06-21T15:33:55","guid":{"rendered":"http:\/\/www.muricionline.com.br\/novo\/?p=20614"},"modified":"2023-06-21T12:34:04","modified_gmt":"2023-06-21T15:34:04","slug":"prefeita-de-santana-firma-parceria-com-desenvolve-para-oferta-de-linha-de-credito-aos-empreendedores","status":"publish","type":"post","link":"http:\/\/www.muricionline.com.br\/novo\/?p=20614","title":{"rendered":"Prefeita de Santana firma parceria com Desenvolve para oferta de linha de cr\u00e9dito aos empreendedores"},"content":{"rendered":"<p>A prefeita de Santana do Ipanema, Christiane Bulh\u00f5es, assinou um Termo de Coopera\u00e7\u00e3o T\u00e9cnica Operacional com a Ag\u00eancia de Fomento de Alagoas (Desenvolve), visando promover o desenvolvimento socioecon\u00f4mico do munic\u00edpio, focando nos empreendedores de micro e pequenos neg\u00f3cios com acesso a linhas de cr\u00e9ditos.<\/p>\n<p>O termo foi assinado durante reuni\u00e3o nesta segunda-feira (20), em Macei\u00f3, na sede da Desenvolve, com a presen\u00e7a do diretor administrativo financeiro da Desenvolve, Ant\u00f4nio Ten\u00f3rio, da gerente de Microcr\u00e9dito, Roberta Santos, da diretora da Casa do Empreendedor, Daniella Vieira e do agente de desenvolvimento, Alisson Natan.<\/p>\n<p>Com a parceria firmada, a\u00e7\u00f5es conjuntas ser\u00e3o implantadas para ofertar mais oportunidades para os empreendedores de Santana do Ipanema.<\/p>\n<p>Christiane Bulh\u00f5es agradeceu ao Governo de Alagoas, em nome do governador Paulo Dantas e de todos que fazem a Desenvolve pela parceria de sempre que vem fortalecendo os neg\u00f3cios locais. \u201cJuntos vamos implementar a\u00e7\u00f5es para o desenvolvimento de atividades de acesso \u00e0s linhas de cr\u00e9dito disponibilizadas pela Desenvolve\u201d.<\/p>\n<p>O diretor Administrativo Financeiro da Desenvolve disse que o objetivo da parceria \u00e9 fomentar ainda mais as linhas de cr\u00e9dito da Desenvolve. \u201cSantana \u00e9 uma cidade com modelo de gest\u00e3o. Esse termo assinado vai alavancar ainda mais as linhas de cr\u00e9dito na regi\u00e3o\u201d, comentou.<\/p>\n<p>Posteriormente, a Casa do Empreendedor de Santana do Ipanema ir\u00e1 divulgar mais detalhes para que os interessados possam solicitar as linhas de cr\u00e9dito e impulsionar seus neg\u00f3cios.<\/p>\n<p>&nbsp;<\/p>\n<p>Com Assessoria&nbsp;<\/p>\n<span style=\"clear:both;display:none;\"><img src=\"http:\/\/www.muricionline.com.br\/novo\/wp-content\/plugins\/wp-spamfree\/img\/wpsf-img.php\" width=\"0\" height=\"0\" alt=\"\" style=\"border-style:none;width:0px;height:0px;display:none;\" \/><\/span>","protected":false},"excerpt":{"rendered":"<p>A prefeita de Santana do Ipanema, Christiane Bulh\u00f5es, assinou um Termo de Coopera\u00e7\u00e3o T\u00e9cnica Operacional com a Ag\u00eancia de Fomento de Alagoas (Desenvolve), visando promover o desenvolvimento socioecon\u00f4mico do munic\u00edpio, focando nos empreendedores de micro e pequenos neg\u00f3cios com acesso a linhas de cr\u00e9ditos. O termo foi assinado durante reuni\u00e3o nesta segunda-feira (20), em Macei\u00f3,&#8230;<\/p>\n","protected":false},"author":1,"featured_media":20615,"comment_status":"open","ping_status":"open","sticky":false,"template":"","format":"standard","meta":{"footnotes":""},"categories":[1],"tags":[5],"_links":{"self":[{"href":"http:\/\/www.muricionline.com.br\/novo\/index.php?rest_route=\/wp\/v2\/posts\/20614"}],"collection":[{"href":"http:\/\/www.muricionline.com.br\/novo\/index.php?rest_route=\/wp\/v2\/posts"}],"about":[{"href":"http:\/\/www.muricionline.com.br\/novo\/index.php?rest_route=\/wp\/v2\/types\/post"}],"author":[{"embeddable":true,"href":"http:\/\/www.muricionline.com.br\/novo\/index.php?rest_route=\/wp\/v2\/users\/1"}],"replies":[{"embeddable":true,"href":"http:\/\/www.muricionline.com.br\/novo\/index.php?rest_route=%2Fwp%2Fv2%2Fcomments&post=20614"}],"version-history":[{"count":1,"href":"http:\/\/www.muricionline.com.br\/novo\/index.php?rest_route=\/wp\/v2\/posts\/20614\/revisions"}],"predecessor-version":[{"id":20616,"href":"http:\/\/www.muricionline.com.br\/novo\/index.php?rest_route=\/wp\/v2\/posts\/20614\/revisions\/20616"}],"wp:featuredmedia":[{"embeddable":true,"href":"http:\/\/www.muricionline.com.br\/novo\/index.php?rest_route=\/wp\/v2\/media\/20615"}],"wp:attachment":[{"href":"http:\/\/www.muricionline.com.br\/novo\/index.php?rest_route=%2Fwp%2Fv2%2Fmedia&parent=20614"}],"wp:term":[{"taxonomy":"category","embeddable":true,"href":"http:\/\/www.muricionline.com.br\/novo\/index.php?rest_route=%2Fwp%2Fv2%2Fcategories&post=20614"},{"taxonomy":"post_tag","embeddable":true,"href":"http:\/\/www.muricionline.com.br\/novo\/index.php?rest_route=%2Fwp%2Fv2%2Ftags&post=20614"}],"curies":[{"name":"wp","href":"https:\/\/api.w.org\/{rel}","templated":true}]}}