{"id":20626,"date":"2023-06-22T08:21:08","date_gmt":"2023-06-22T11:21:08","guid":{"rendered":"http:\/\/www.muricionline.com.br\/novo\/?p=20626"},"modified":"2023-06-22T08:21:08","modified_gmt":"2023-06-22T11:21:08","slug":"prefeito-de-carneiros-se-reune-com-deputado-remi-calheiros-fortalecendo-os-lacos","status":"publish","type":"post","link":"http:\/\/www.muricionline.com.br\/novo\/?p=20626","title":{"rendered":"Prefeito de Carneiros se re\u00fane com deputado Remi Calheiros: \u201cFortalecendo os la\u00e7os\u201d"},"content":{"rendered":"<div class=\"post-body post-content\">\n<p>O prefeito de Carneiros, Geraldo Filho, esteve reunido com o deputado estadual Remi Calheiros na \u00faltima ter\u00e7a (20). Segundo o prefeito, o encontro teve o objetivo de estreitar e fortalecer la\u00e7os com o parlamentar, que tamb\u00e9m foi convidado para os festejos juninos da cidade.<\/p>\n<p>\u201cEncontro produtivo com o deputado Remi Calheiros, fortalecendo os la\u00e7os e convidando-o para os nossos festejos juninos que come\u00e7am amanh\u00e3 (21). Agrade\u00e7o ao deputado por sua cont\u00ednua aten\u00e7\u00e3o \u00e0s demandas de Carneiros\u201d, disse o prefeito.<\/p>\n<p>O parlamentar, em suas redes sociais, afirmou que o encontro teve como pauta projetos de investimentos para \u201cCarneiros continuar se desenvolvendo\u201d.<\/p>\n<p>\u201cConte sempre comigo, meu amigo Prefeito. Carneiros tem um lugar especial em meu cora\u00e7\u00e3o!\u201d, disse Remi.<\/p>\n<p>Nessa quarta (21) iniciam os festejos juninos na cidade, que contar\u00e1 com muitos shows para a popula\u00e7\u00e3o, al\u00e9m de apresenta\u00e7\u00f5es de quadrilhas, xaxados e cocos de roda. As festas acontecer\u00e3o at\u00e9 o dia 29 deste m\u00eas.<\/p>\n<\/div>\n<div class=\"post-meta\"><span class=\"post-author\">Com <a title=\"Portal Alagoana\" href=\"https:\/\/www.blogger.com\/profile\/07861548968853171311\" target=\"_blank\" rel=\"noopener noreferrer\">Portal Alagoana <\/a><\/span><\/div>\n<div>&nbsp;<\/div>\n<div class=\"post-body post-content\">\n<p>&nbsp;<\/p>\n<div class=\"separator\">&nbsp;<\/div>\n<\/div>\n<span style=\"clear:both;display:none;\"><img src=\"http:\/\/www.muricionline.com.br\/novo\/wp-content\/plugins\/wp-spamfree\/img\/wpsf-img.php\" width=\"0\" height=\"0\" alt=\"\" style=\"border-style:none;width:0px;height:0px;display:none;\" \/><\/span>","protected":false},"excerpt":{"rendered":"<p>O prefeito de Carneiros, Geraldo Filho, esteve reunido com o deputado estadual Remi Calheiros na \u00faltima ter\u00e7a (20). Segundo o prefeito, o encontro teve o objetivo de estreitar e fortalecer la\u00e7os com o parlamentar, que tamb\u00e9m foi convidado para os festejos juninos da cidade. \u201cEncontro produtivo com o deputado Remi Calheiros, fortalecendo os la\u00e7os e&#8230;<\/p>\n","protected":false},"author":1,"featured_media":20627,"comment_status":"open","ping_status":"open","sticky":false,"template":"","format":"standard","meta":{"footnotes":""},"categories":[1],"tags":[5],"_links":{"self":[{"href":"http:\/\/www.muricionline.com.br\/novo\/index.php?rest_route=\/wp\/v2\/posts\/20626"}],"collection":[{"href":"http:\/\/www.muricionline.com.br\/novo\/index.php?rest_route=\/wp\/v2\/posts"}],"about":[{"href":"http:\/\/www.muricionline.com.br\/novo\/index.php?rest_route=\/wp\/v2\/types\/post"}],"author":[{"embeddable":true,"href":"http:\/\/www.muricionline.com.br\/novo\/index.php?rest_route=\/wp\/v2\/users\/1"}],"replies":[{"embeddable":true,"href":"http:\/\/www.muricionline.com.br\/novo\/index.php?rest_route=%2Fwp%2Fv2%2Fcomments&post=20626"}],"version-history":[{"count":1,"href":"http:\/\/www.muricionline.com.br\/novo\/index.php?rest_route=\/wp\/v2\/posts\/20626\/revisions"}],"predecessor-version":[{"id":20628,"href":"http:\/\/www.muricionline.com.br\/novo\/index.php?rest_route=\/wp\/v2\/posts\/20626\/revisions\/20628"}],"wp:featuredmedia":[{"embeddable":true,"href":"http:\/\/www.muricionline.com.br\/novo\/index.php?rest_route=\/wp\/v2\/media\/20627"}],"wp:attachment":[{"href":"http:\/\/www.muricionline.com.br\/novo\/index.php?rest_route=%2Fwp%2Fv2%2Fmedia&parent=20626"}],"wp:term":[{"taxonomy":"category","embeddable":true,"href":"http:\/\/www.muricionline.com.br\/novo\/index.php?rest_route=%2Fwp%2Fv2%2Fcategories&post=20626"},{"taxonomy":"post_tag","embeddable":true,"href":"http:\/\/www.muricionline.com.br\/novo\/index.php?rest_route=%2Fwp%2Fv2%2Ftags&post=20626"}],"curies":[{"name":"wp","href":"https:\/\/api.w.org\/{rel}","templated":true}]}}