{"id":20632,"date":"2023-06-23T08:03:28","date_gmt":"2023-06-23T11:03:28","guid":{"rendered":"http:\/\/www.muricionline.com.br\/novo\/?p=20632"},"modified":"2023-06-23T08:03:28","modified_gmt":"2023-06-23T11:03:28","slug":"em-brasilia-prefeita-de-santana-participa-de-reuniao-sobre-cop-30-e-mostra-compromisso-com-preservacao-do-meio-ambiente","status":"publish","type":"post","link":"http:\/\/www.muricionline.com.br\/novo\/?p=20632","title":{"rendered":"Em Bras\u00edlia, prefeita de Santana participa de reuni\u00e3o sobre COP 30 e mostra compromisso com preserva\u00e7\u00e3o do meio ambiente"},"content":{"rendered":"<p>A prefeita de Santana do Ipanema, Christiane Bulh\u00f5es, participou de uma reuni\u00e3o que tratou sobre a Confer\u00eancia das Na\u00e7\u00f5es Unidas e Sobre Mudan\u00e7as Clim\u00e1ticas (COP 30), que acontecer\u00e1 em Bel\u00e9m, capital do Par\u00e1, em novembro de 2025.<\/p>\n<p>O encontro desta quarta-feira (21), foi realizado em Bras\u00edlia e reuniu gestores p\u00fablicos, deputados federais e estaduais, al\u00e9m de senadores e presidentes de Assembleias Legislativas de diferentes partes do pa\u00eds.<\/p>\n<p>Ao lado do deputado federal Isnaldo Bulh\u00f5es, do secret\u00e1rio de Estado da Sa\u00fade, Gustavo Pontes de Miranda e do secret\u00e1rio de Infraestrutura, Marcelo Melo, Christiane Bulh\u00f5es destacou a iniciativa na defesa do meio ambiente e falou do seu orgulho ver um Estado governado pelo partido sediando o maior evento clim\u00e1tico do planeta.<\/p>\n<p>\u201cA COP 30 ser\u00e1 um sucesso e deixar\u00e1 um grande legado n\u00e3o s\u00f3 para o Par\u00e1, mas para todo o nosso pa\u00eds. Vamos mostrar o nosso compromisso com a causa e trabalhar cada vez mais, em cada canto do Brasil, pela preserva\u00e7\u00e3o do meio ambiente\u201d, ressaltou a prefeita.<\/p>\n<p>Christiane Bulh\u00f5es parabenizou o presidente&nbsp;Lula e o governador&nbsp;Helder Barbalho por todos os esfor\u00e7os para tornar o nosso pa\u00eds sede. Ela estendeu as felicita\u00e7\u00f5es ao presidente do&nbsp;MDB, Baleia Rossi pela iniciativa da reuni\u00e3o e o deputado&nbsp;Isnaldo Bulh\u00f5es pela grande lideran\u00e7a na C\u00e2mara dos Deputados.<\/p>\n<p>&nbsp;<\/p>\n<p>Com Assessoria&nbsp;<\/p>\n<span style=\"clear:both;display:none;\"><img src=\"http:\/\/www.muricionline.com.br\/novo\/wp-content\/plugins\/wp-spamfree\/img\/wpsf-img.php\" width=\"0\" height=\"0\" alt=\"\" style=\"border-style:none;width:0px;height:0px;display:none;\" \/><\/span>","protected":false},"excerpt":{"rendered":"<p>A prefeita de Santana do Ipanema, Christiane Bulh\u00f5es, participou de uma reuni\u00e3o que tratou sobre a Confer\u00eancia das Na\u00e7\u00f5es Unidas e Sobre Mudan\u00e7as Clim\u00e1ticas (COP 30), que acontecer\u00e1 em Bel\u00e9m, capital do Par\u00e1, em novembro de 2025. O encontro desta quarta-feira (21), foi realizado em Bras\u00edlia e reuniu gestores p\u00fablicos, deputados federais e estaduais, al\u00e9m&#8230;<\/p>\n","protected":false},"author":1,"featured_media":20633,"comment_status":"open","ping_status":"open","sticky":false,"template":"","format":"standard","meta":{"footnotes":""},"categories":[1],"tags":[],"_links":{"self":[{"href":"http:\/\/www.muricionline.com.br\/novo\/index.php?rest_route=\/wp\/v2\/posts\/20632"}],"collection":[{"href":"http:\/\/www.muricionline.com.br\/novo\/index.php?rest_route=\/wp\/v2\/posts"}],"about":[{"href":"http:\/\/www.muricionline.com.br\/novo\/index.php?rest_route=\/wp\/v2\/types\/post"}],"author":[{"embeddable":true,"href":"http:\/\/www.muricionline.com.br\/novo\/index.php?rest_route=\/wp\/v2\/users\/1"}],"replies":[{"embeddable":true,"href":"http:\/\/www.muricionline.com.br\/novo\/index.php?rest_route=%2Fwp%2Fv2%2Fcomments&post=20632"}],"version-history":[{"count":1,"href":"http:\/\/www.muricionline.com.br\/novo\/index.php?rest_route=\/wp\/v2\/posts\/20632\/revisions"}],"predecessor-version":[{"id":20634,"href":"http:\/\/www.muricionline.com.br\/novo\/index.php?rest_route=\/wp\/v2\/posts\/20632\/revisions\/20634"}],"wp:featuredmedia":[{"embeddable":true,"href":"http:\/\/www.muricionline.com.br\/novo\/index.php?rest_route=\/wp\/v2\/media\/20633"}],"wp:attachment":[{"href":"http:\/\/www.muricionline.com.br\/novo\/index.php?rest_route=%2Fwp%2Fv2%2Fmedia&parent=20632"}],"wp:term":[{"taxonomy":"category","embeddable":true,"href":"http:\/\/www.muricionline.com.br\/novo\/index.php?rest_route=%2Fwp%2Fv2%2Fcategories&post=20632"},{"taxonomy":"post_tag","embeddable":true,"href":"http:\/\/www.muricionline.com.br\/novo\/index.php?rest_route=%2Fwp%2Fv2%2Ftags&post=20632"}],"curies":[{"name":"wp","href":"https:\/\/api.w.org\/{rel}","templated":true}]}}