{"id":20638,"date":"2023-06-23T08:06:29","date_gmt":"2023-06-23T11:06:29","guid":{"rendered":"http:\/\/www.muricionline.com.br\/novo\/?p=20638"},"modified":"2023-06-23T08:06:29","modified_gmt":"2023-06-23T11:06:29","slug":"christiane-bulhoes-participa-de-reuniao-inedita-no-brasil-com-outras-4-prefeitas-e-o-presidente-do-mdb-baleia-rossi","status":"publish","type":"post","link":"http:\/\/www.muricionline.com.br\/novo\/?p=20638","title":{"rendered":"Christiane Bulh\u00f5es participa de reuni\u00e3o in\u00e9dita no Brasil com outras 4 prefeitas e o presidente do MDB, Baleia Rossi"},"content":{"rendered":"<p>Objetivo da reuni\u00e3o foi discutir sobre o Projeto de Avalia\u00e7\u00e3o de Pol\u00edticas P\u00fablicas em Munic\u00edpios administrados por Mulheres<\/p>\n<p>Cumprindo agenda em Bras\u00edlia, a prefeita de Santana do Ipanema, Christiane Bulh\u00f5es participou de uma reuni\u00e3o que tratou do Projeto de Avalia\u00e7\u00e3o de Pol\u00edticas P\u00fablicas em Munic\u00edpios administrados por Mulheres, uma iniciativa in\u00e9dita no Brasil.<\/p>\n<p>O encontro, ocorrido nesta quarta-feira (21), contou com as presen\u00e7as do presidente do MDB, Baleia Rossi e das prefeitas de Novo Hamburgo-RS, F\u00e1tima Daut, de Ibitinga-SP, Cristina Arantes, de Nova Brasli\u00e2ndia-MT, Marilza Augusta, e de Moju-PA, Nilma Lima.<\/p>\n<p>\u201cFoi um momento muito importante de troca de experi\u00eancias com a participa\u00e7\u00e3o de outras 4 prefeitas de diferentes regi\u00f5es do Brasil\u201d, avaliou a prefeita.<\/p>\n<p>Christiane Bulh\u00f5es parabenizou o deputado Baleia Rossi pela iniciativa que em sua opini\u00e3o, vai contribuir para o fortalecimento do partido e das pol\u00edticas p\u00fablicas nos munic\u00edpios. Ela completou dizendo que em breve vai divulgar todos os projetos e novidades, frutos da reuni\u00e3o.<\/p>\n<p>&nbsp;<\/p>\n<p>Com Assessoria&nbsp;<\/p>\n<span style=\"clear:both;display:none;\"><img src=\"http:\/\/www.muricionline.com.br\/novo\/wp-content\/plugins\/wp-spamfree\/img\/wpsf-img.php\" width=\"0\" height=\"0\" alt=\"\" style=\"border-style:none;width:0px;height:0px;display:none;\" \/><\/span>","protected":false},"excerpt":{"rendered":"<p>Objetivo da reuni\u00e3o foi discutir sobre o Projeto de Avalia\u00e7\u00e3o de Pol\u00edticas P\u00fablicas em Munic\u00edpios administrados por Mulheres Cumprindo agenda em Bras\u00edlia, a prefeita de Santana do Ipanema, Christiane Bulh\u00f5es participou de uma reuni\u00e3o que tratou do Projeto de Avalia\u00e7\u00e3o de Pol\u00edticas P\u00fablicas em Munic\u00edpios administrados por Mulheres, uma iniciativa in\u00e9dita no Brasil. O encontro,&#8230;<\/p>\n","protected":false},"author":1,"featured_media":20639,"comment_status":"open","ping_status":"open","sticky":false,"template":"","format":"standard","meta":{"footnotes":""},"categories":[1],"tags":[5],"_links":{"self":[{"href":"http:\/\/www.muricionline.com.br\/novo\/index.php?rest_route=\/wp\/v2\/posts\/20638"}],"collection":[{"href":"http:\/\/www.muricionline.com.br\/novo\/index.php?rest_route=\/wp\/v2\/posts"}],"about":[{"href":"http:\/\/www.muricionline.com.br\/novo\/index.php?rest_route=\/wp\/v2\/types\/post"}],"author":[{"embeddable":true,"href":"http:\/\/www.muricionline.com.br\/novo\/index.php?rest_route=\/wp\/v2\/users\/1"}],"replies":[{"embeddable":true,"href":"http:\/\/www.muricionline.com.br\/novo\/index.php?rest_route=%2Fwp%2Fv2%2Fcomments&post=20638"}],"version-history":[{"count":1,"href":"http:\/\/www.muricionline.com.br\/novo\/index.php?rest_route=\/wp\/v2\/posts\/20638\/revisions"}],"predecessor-version":[{"id":20640,"href":"http:\/\/www.muricionline.com.br\/novo\/index.php?rest_route=\/wp\/v2\/posts\/20638\/revisions\/20640"}],"wp:featuredmedia":[{"embeddable":true,"href":"http:\/\/www.muricionline.com.br\/novo\/index.php?rest_route=\/wp\/v2\/media\/20639"}],"wp:attachment":[{"href":"http:\/\/www.muricionline.com.br\/novo\/index.php?rest_route=%2Fwp%2Fv2%2Fmedia&parent=20638"}],"wp:term":[{"taxonomy":"category","embeddable":true,"href":"http:\/\/www.muricionline.com.br\/novo\/index.php?rest_route=%2Fwp%2Fv2%2Fcategories&post=20638"},{"taxonomy":"post_tag","embeddable":true,"href":"http:\/\/www.muricionline.com.br\/novo\/index.php?rest_route=%2Fwp%2Fv2%2Ftags&post=20638"}],"curies":[{"name":"wp","href":"https:\/\/api.w.org\/{rel}","templated":true}]}}