{"id":20641,"date":"2023-06-23T09:28:57","date_gmt":"2023-06-23T12:28:57","guid":{"rendered":"http:\/\/www.muricionline.com.br\/novo\/?p=20641"},"modified":"2023-06-25T10:24:18","modified_gmt":"2023-06-25T13:24:18","slug":"prefeito-olavo-neto-anuncia-reajuste-de-25-para-servidores-da-educacao-de-murici","status":"publish","type":"post","link":"http:\/\/www.muricionline.com.br\/novo\/?p=20641","title":{"rendered":"Prefeito Olavo Neto anuncia reajuste de 25% para servidores da educa\u00e7\u00e3o de Murici"},"content":{"rendered":"<p>O prefeito de Murici, Olavo Neto, anunciou nesta quinta-feira (22\/6) um reajuste salarial de 25% para os servidores da \u00e1rea da educa\u00e7\u00e3o. A medida visa valorizar e reconhecer o trabalho desempenhado pelos profissionais que atuam na educa\u00e7\u00e3o municipal.<\/p>\n<p>O an\u00fancio foi feito por meio das redes sociais do gestor, na qual o prefeito destacou a import\u00e2ncia dos servidores e seu papel fundamental no desenvolvimento educacional do munic\u00edpio.<br \/>\n\u201c\u00c9 com imensa satisfa\u00e7\u00e3o e alegria, que anunciamos o reajuste salarial de 25% para os profissionais da educa\u00e7\u00e3o do nosso munic\u00edpio, contemplados pelo plano de cargos e carreiras!\u201d, afirmou o prefeito Olavo Neto.<\/p>\n<p>O prefeito ressaltou ainda que o aumento salarial \u00e9 resultado de um planejamento financeiro respons\u00e1vel e da prioriza\u00e7\u00e3o da educa\u00e7\u00e3o como uma das principais \u00e1reas de investimento do munic\u00edpio.<\/p>\n<p>Com o an\u00fancio do reajuste, a prefeitura de Murici demonstra seu compromisso em fortalecer a educa\u00e7\u00e3o e investir no bem-estar dos servidores municipais, reconhecendo sua import\u00e2ncia para o desenvolvimento e crescimento da cidade.<\/p>\n<p>Por Assessoria com Johnny Lucena | BR104<\/p>\n<span style=\"clear:both;display:none;\"><img src=\"http:\/\/www.muricionline.com.br\/novo\/wp-content\/plugins\/wp-spamfree\/img\/wpsf-img.php\" width=\"0\" height=\"0\" alt=\"\" style=\"border-style:none;width:0px;height:0px;display:none;\" \/><\/span>","protected":false},"excerpt":{"rendered":"<p>O prefeito de Murici, Olavo Neto, anunciou nesta quinta-feira (22\/6) um reajuste salarial de 25% para os servidores da \u00e1rea da educa\u00e7\u00e3o. A medida visa valorizar e reconhecer o trabalho desempenhado pelos profissionais que atuam na educa\u00e7\u00e3o municipal. O an\u00fancio foi feito por meio das redes sociais do gestor, na qual o prefeito destacou a&#8230;<\/p>\n","protected":false},"author":1,"featured_media":20642,"comment_status":"open","ping_status":"open","sticky":false,"template":"","format":"standard","meta":{"footnotes":""},"categories":[1],"tags":[5],"_links":{"self":[{"href":"http:\/\/www.muricionline.com.br\/novo\/index.php?rest_route=\/wp\/v2\/posts\/20641"}],"collection":[{"href":"http:\/\/www.muricionline.com.br\/novo\/index.php?rest_route=\/wp\/v2\/posts"}],"about":[{"href":"http:\/\/www.muricionline.com.br\/novo\/index.php?rest_route=\/wp\/v2\/types\/post"}],"author":[{"embeddable":true,"href":"http:\/\/www.muricionline.com.br\/novo\/index.php?rest_route=\/wp\/v2\/users\/1"}],"replies":[{"embeddable":true,"href":"http:\/\/www.muricionline.com.br\/novo\/index.php?rest_route=%2Fwp%2Fv2%2Fcomments&post=20641"}],"version-history":[{"count":1,"href":"http:\/\/www.muricionline.com.br\/novo\/index.php?rest_route=\/wp\/v2\/posts\/20641\/revisions"}],"predecessor-version":[{"id":20643,"href":"http:\/\/www.muricionline.com.br\/novo\/index.php?rest_route=\/wp\/v2\/posts\/20641\/revisions\/20643"}],"wp:featuredmedia":[{"embeddable":true,"href":"http:\/\/www.muricionline.com.br\/novo\/index.php?rest_route=\/wp\/v2\/media\/20642"}],"wp:attachment":[{"href":"http:\/\/www.muricionline.com.br\/novo\/index.php?rest_route=%2Fwp%2Fv2%2Fmedia&parent=20641"}],"wp:term":[{"taxonomy":"category","embeddable":true,"href":"http:\/\/www.muricionline.com.br\/novo\/index.php?rest_route=%2Fwp%2Fv2%2Fcategories&post=20641"},{"taxonomy":"post_tag","embeddable":true,"href":"http:\/\/www.muricionline.com.br\/novo\/index.php?rest_route=%2Fwp%2Fv2%2Ftags&post=20641"}],"curies":[{"name":"wp","href":"https:\/\/api.w.org\/{rel}","templated":true}]}}