{"id":20644,"date":"2023-06-23T10:35:02","date_gmt":"2023-06-23T13:35:02","guid":{"rendered":"http:\/\/www.muricionline.com.br\/novo\/?p=20644"},"modified":"2023-06-25T10:24:41","modified_gmt":"2023-06-25T13:24:41","slug":"assistencia-social-de-branquinha-realiza-10a-conferencia-municipal","status":"publish","type":"post","link":"http:\/\/www.muricionline.com.br\/novo\/?p=20644","title":{"rendered":"Assist\u00eancia Social de Branquinha realiza 10\u00aa Confer\u00eancia Municipal"},"content":{"rendered":"<p>Com o tema \u201creconstru\u00e7\u00e3o do SUAS: O SUAS que temos e o SUAS que queremos\u201d, a Prefeitura de Branquinha, atrav\u00e9s da Secretaria de Assist\u00eancia Social e o Conselho Municipal de Assist\u00eancia Social, realizou nesta quinta-feira (22), a 10\u00aa Confer\u00eancia Municipal de Assist\u00eancia Social. No rec\u00e9m inaugurado audit\u00f3rio do CRAS, a presidente do Conselho, Gilda Lopes, t\u00e9cnicos da pasta, autoridades e representantes da sociedade civil, discutiram eixos importantes como: financiamento, controle social, articula\u00e7\u00e3o entre os segmentos, servi\u00e7os, programas e projetos e benef\u00edcio e transfer\u00eancia de renda.<\/p>\n<p>A secret\u00e1ria de assist\u00eancia social, Roseni da Silva, destacou que o momento \u00e9 de suma import\u00e2ncia para o fortalecimento das pol\u00edticas socioassistenciais. \u201cEsse debate, \u00e9 important\u00edssimo, pois \u00e9 o momento de avaliar se as metas est\u00e3o sendo atingidas e em quais aspectos podemos aprimorar as a\u00e7\u00f5es para atender da melhor forma, as necessidades da popula\u00e7\u00e3o branquinhense\u201d, disse.<\/p>\n<p>O prefeito Neno Freitas, acompanhando da primeira-dama, Renata Freitas, falou da import\u00e2ncia do fortalecimento da Assist\u00eancia Social. \u201cSempre tivemos uma aten\u00e7\u00e3o especial com a \u00e1rea, e com este evento, podemos dialogar e debater ideias que contribuam para o fortalecimento e amplia\u00e7\u00e3o dos programas sociais que j\u00e1 est\u00e3o em andamento no nosso munic\u00edpio. Foi um momento muito rico de planejamento e troca de conhecimento\u201d, afirmou.<\/p>\n<p>Com uma linda apresenta\u00e7\u00e3o cultural do bal\u00e9 do Centro de Refer\u00eancia de Assist\u00eancia Social (Cras) a Confer\u00eancia tamb\u00e9m teve a presen\u00e7a do presidente da C\u00e2mara, Robinho do Bar; dos vereadores, Costa, Frank Eloi, Fabiano, Rey e Novinho; e secret\u00e1rios municipais.<\/p>\n<p>&nbsp;<\/p>\n<p>Com Assessoria&nbsp;<\/p>\n<span style=\"clear:both;display:none;\"><img src=\"http:\/\/www.muricionline.com.br\/novo\/wp-content\/plugins\/wp-spamfree\/img\/wpsf-img.php\" width=\"0\" height=\"0\" alt=\"\" style=\"border-style:none;width:0px;height:0px;display:none;\" \/><\/span>","protected":false},"excerpt":{"rendered":"<p>Com o tema \u201creconstru\u00e7\u00e3o do SUAS: O SUAS que temos e o SUAS que queremos\u201d, a Prefeitura de Branquinha, atrav\u00e9s da Secretaria de Assist\u00eancia Social e o Conselho Municipal de Assist\u00eancia Social, realizou nesta quinta-feira (22), a 10\u00aa Confer\u00eancia Municipal de Assist\u00eancia Social. No rec\u00e9m inaugurado audit\u00f3rio do CRAS, a presidente do Conselho, Gilda Lopes,&#8230;<\/p>\n","protected":false},"author":1,"featured_media":20645,"comment_status":"open","ping_status":"open","sticky":false,"template":"","format":"standard","meta":{"footnotes":""},"categories":[1],"tags":[5],"_links":{"self":[{"href":"http:\/\/www.muricionline.com.br\/novo\/index.php?rest_route=\/wp\/v2\/posts\/20644"}],"collection":[{"href":"http:\/\/www.muricionline.com.br\/novo\/index.php?rest_route=\/wp\/v2\/posts"}],"about":[{"href":"http:\/\/www.muricionline.com.br\/novo\/index.php?rest_route=\/wp\/v2\/types\/post"}],"author":[{"embeddable":true,"href":"http:\/\/www.muricionline.com.br\/novo\/index.php?rest_route=\/wp\/v2\/users\/1"}],"replies":[{"embeddable":true,"href":"http:\/\/www.muricionline.com.br\/novo\/index.php?rest_route=%2Fwp%2Fv2%2Fcomments&post=20644"}],"version-history":[{"count":1,"href":"http:\/\/www.muricionline.com.br\/novo\/index.php?rest_route=\/wp\/v2\/posts\/20644\/revisions"}],"predecessor-version":[{"id":20646,"href":"http:\/\/www.muricionline.com.br\/novo\/index.php?rest_route=\/wp\/v2\/posts\/20644\/revisions\/20646"}],"wp:featuredmedia":[{"embeddable":true,"href":"http:\/\/www.muricionline.com.br\/novo\/index.php?rest_route=\/wp\/v2\/media\/20645"}],"wp:attachment":[{"href":"http:\/\/www.muricionline.com.br\/novo\/index.php?rest_route=%2Fwp%2Fv2%2Fmedia&parent=20644"}],"wp:term":[{"taxonomy":"category","embeddable":true,"href":"http:\/\/www.muricionline.com.br\/novo\/index.php?rest_route=%2Fwp%2Fv2%2Fcategories&post=20644"},{"taxonomy":"post_tag","embeddable":true,"href":"http:\/\/www.muricionline.com.br\/novo\/index.php?rest_route=%2Fwp%2Fv2%2Ftags&post=20644"}],"curies":[{"name":"wp","href":"https:\/\/api.w.org\/{rel}","templated":true}]}}