{"id":20650,"date":"2023-06-25T10:08:29","date_gmt":"2023-06-25T13:08:29","guid":{"rendered":"http:\/\/www.muricionline.com.br\/novo\/?p=20650"},"modified":"2023-06-25T10:29:21","modified_gmt":"2023-06-25T13:29:21","slug":"ronaldo-lessa-toma-posse-como-governador-em-exercicio","status":"publish","type":"post","link":"http:\/\/www.muricionline.com.br\/novo\/?p=20650","title":{"rendered":"Ronaldo Lessa toma posse como governador em exerc\u00edcio"},"content":{"rendered":"<p>O vice-governador Ronaldo Lessa assinou o termo de posse como governador em exerc\u00edcio, nesta sexta-feira (23), no Pal\u00e1cio Floriano Peixoto, de onde vai despachar durante a pr\u00f3xima semana. \u00c9 que o governador Paulo Dantas viajou para Lisboa, onde foi participar do evento Governan\u00e7a e Constitucionalismo Digital, para expor case de sucesso na \u00e1rea de Seguran\u00e7a P\u00fablica. A posse foi prestigiada pela secret\u00e1ria do Gabinete Civil, Roseane Vasconcelos e pelo secret\u00e1rio executivo da Seades, advogado Nelson Ten\u00f3rio.<\/p>\n<p>Rec\u00e9m-chegado de Bras\u00edlia, onde foi representar o governador num encontro para discutir a Reforma Tribut\u00e1ria, Ronaldo j\u00e1 planejou a agenda de trabalho com a secret\u00e1ria de Governan\u00e7a, Poliana Santana, com a\u00e7\u00f5es nas \u00e1reas de Educa\u00e7\u00e3o, Sa\u00fade, Seguran\u00e7a P\u00fablica e Ci\u00eancia e Tecnologia.&nbsp;\u201cO prefeito de Arapiraca, Luciano Barbosa, me convidou para passar um dia visitando obras com ele; o reitor Henrique Costa, da Uncisal, me convidou para participar da celebra\u00e7\u00e3o de um conv\u00eanio entre a USP e a Uncisal, para a gente avan\u00e7ar na prote\u00e7\u00e3o \u00e0 mulher e \u00e0 crian\u00e7a. O governador Paulo Dantas retorna dia 29 e a gente vai fazer o que for poss\u00edvel e da melhor forma que pudermos\u201d, destacou.<\/p>\n<p><img decoding=\"async\" src=\"http:\/\/alagoas.al.gov.br\/imagens\/conteudos\/cd2e437d3898445de5ab9221eff18b56\/\/22-06-2023%20-%20Assinatura%20do%20termo%20de%20posse%20-%20Ronaldo%20Lessa%20-%20(ED)-5.jpg\"><\/p>\n<p>Sobre a visita ao prefeito Luciano, Ronaldo falou que o Estado avan\u00e7a na parceria com aquele governo municipal. \u201cO governo j\u00e1 avan\u00e7ou. Foi feita a recupera\u00e7\u00e3o do aeroporto, al\u00e9m de outras obras em parceria. A Governadoria do Agreste est\u00e1 em andamento: j\u00e1 tem dois coordenadores nomeados, j\u00e1 escolhemos o pr\u00e9dio e j\u00e1 tivemos acesso \u00e0 planta. O pessoal t\u00e1 fazendo uma reforma l\u00e1 para que o Paulo Dantas possa atender de mais de perto o Agreste e o Sert\u00e3o\u201d, avaliou.<\/p>\n<p>H\u00e1 alguns meses Ronaldo fez uma visita ao Ambulat\u00f3rio No\u00e9lia Lessa, na Levada, e viu a necessidade de revitalizar o espa\u00e7o, ampliar os servi\u00e7os oferecidos e o atendimento aos moradores. \u201cO governador gostou da ideia de transformar o espa\u00e7o numa Cl\u00ednica da Fam\u00edlia. A gente j\u00e1 tem duas cl\u00ednicas da fam\u00edlia: uma no Conjunto Jos\u00e9 Apr\u00edgio Vilela, no Benedito Bentes, e outra no Jacintinho. J\u00e1 convidei o secret\u00e1rio de Sa\u00fade, Gustavo Pontes, para fazermos uma visita. Quando o governador chegar j\u00e1 teremos um relat\u00f3rio de como n\u00f3s entendemos que deva ser essa terceira Cl\u00ednica da Fam\u00edlia\u201d, finalizou Ronaldo Lessa.<\/p>\n<p><b>Reforma Tribut\u00e1ria<\/b><\/p>\n<p>Ronaldo ainda destacou o teor do encontro na capital federal. \u201cEstive na reuni\u00e3o com os governadores, l\u00e1 na casa do presidente da C\u00e2mara Federal, Arthur Lira. Essa reuni\u00e3o foi para discutir a Reforma Tribut\u00e1ria com os secret\u00e1rios fazend\u00e1rios; nossa secret\u00e1ria da Fazenda Renata Santos foi tamb\u00e9m. Ficou acertado que at\u00e9 07 de julho chegamos a um texto final, para que ele seja colocado em pauta na C\u00e2mara\u201d.<\/p>\n<p>Sobre o assunto, o governador falou ainda que apesar da pluralidade partid\u00e1ria a reforma deve sair. \u201c\u00c9 um passo fort\u00edssimo para o Brasil. N\u00e3o sei se vai avan\u00e7ar o tanto que a gente queria porque o Congresso \u00e9 m\u00faltiplo, tem ideologias diferentes, mas h\u00e1 um alinhamento entre os poderes; est\u00e3o todos pensando no Brasil. O consenso deve prevalecer\u201d, avaliou.&nbsp;<\/p>\n<p>Com Ag\u00eancia Alagoas&nbsp;<\/p>\n<span style=\"clear:both;display:none;\"><img src=\"http:\/\/www.muricionline.com.br\/novo\/wp-content\/plugins\/wp-spamfree\/img\/wpsf-img.php\" width=\"0\" height=\"0\" alt=\"\" style=\"border-style:none;width:0px;height:0px;display:none;\" \/><\/span>","protected":false},"excerpt":{"rendered":"<p>O vice-governador Ronaldo Lessa assinou o termo de posse como governador em exerc\u00edcio, nesta sexta-feira (23), no Pal\u00e1cio Floriano Peixoto, de onde vai despachar durante a pr\u00f3xima semana. \u00c9 que o governador Paulo Dantas viajou para Lisboa, onde foi participar do evento Governan\u00e7a e Constitucionalismo Digital, para expor case de sucesso na \u00e1rea de Seguran\u00e7a&#8230;<\/p>\n","protected":false},"author":1,"featured_media":20651,"comment_status":"open","ping_status":"open","sticky":false,"template":"","format":"standard","meta":{"footnotes":""},"categories":[8],"tags":[],"_links":{"self":[{"href":"http:\/\/www.muricionline.com.br\/novo\/index.php?rest_route=\/wp\/v2\/posts\/20650"}],"collection":[{"href":"http:\/\/www.muricionline.com.br\/novo\/index.php?rest_route=\/wp\/v2\/posts"}],"about":[{"href":"http:\/\/www.muricionline.com.br\/novo\/index.php?rest_route=\/wp\/v2\/types\/post"}],"author":[{"embeddable":true,"href":"http:\/\/www.muricionline.com.br\/novo\/index.php?rest_route=\/wp\/v2\/users\/1"}],"replies":[{"embeddable":true,"href":"http:\/\/www.muricionline.com.br\/novo\/index.php?rest_route=%2Fwp%2Fv2%2Fcomments&post=20650"}],"version-history":[{"count":1,"href":"http:\/\/www.muricionline.com.br\/novo\/index.php?rest_route=\/wp\/v2\/posts\/20650\/revisions"}],"predecessor-version":[{"id":20652,"href":"http:\/\/www.muricionline.com.br\/novo\/index.php?rest_route=\/wp\/v2\/posts\/20650\/revisions\/20652"}],"wp:featuredmedia":[{"embeddable":true,"href":"http:\/\/www.muricionline.com.br\/novo\/index.php?rest_route=\/wp\/v2\/media\/20651"}],"wp:attachment":[{"href":"http:\/\/www.muricionline.com.br\/novo\/index.php?rest_route=%2Fwp%2Fv2%2Fmedia&parent=20650"}],"wp:term":[{"taxonomy":"category","embeddable":true,"href":"http:\/\/www.muricionline.com.br\/novo\/index.php?rest_route=%2Fwp%2Fv2%2Fcategories&post=20650"},{"taxonomy":"post_tag","embeddable":true,"href":"http:\/\/www.muricionline.com.br\/novo\/index.php?rest_route=%2Fwp%2Fv2%2Ftags&post=20650"}],"curies":[{"name":"wp","href":"https:\/\/api.w.org\/{rel}","templated":true}]}}