{"id":20937,"date":"2023-07-19T09:00:24","date_gmt":"2023-07-19T12:00:24","guid":{"rendered":"http:\/\/www.muricionline.com.br\/novo\/?p=20937"},"modified":"2023-07-19T09:00:24","modified_gmt":"2023-07-19T12:00:24","slug":"santana-do-ipanema-tem-projeto-premiado-como-melhor-de-alagoas-no-maior-evento-de-saude-publica-da-america-do-sul","status":"publish","type":"post","link":"http:\/\/www.muricionline.com.br\/novo\/?p=20937","title":{"rendered":"Santana do Ipanema tem projeto premiado como melhor de Alagoas no maior evento de sa\u00fade p\u00fablica da Am\u00e9rica do Sul"},"content":{"rendered":"<p>Experi\u00eancia Lar Feliz da Secretaria Municipal de Sa\u00fade foi premiado no XXXVII Congresso Nacional de Secretarias Municipais de Sa\u00fade, em Goi\u00e2nia-GO<\/p>\n<p>A Sa\u00fade de Santana do Ipanema \u00e9 destaque nacional mais uma vez. A equipe da Secretaria Municipal de Sa\u00fade apresentou a Experi\u00eancia Lar Feliz: O Olhar M\u00faltiplo da Sa\u00fade do Idoso na Constru\u00e7\u00e3o de Vidas Saud\u00e1veis no XXXVII Congresso Nacional de Secretarias Municipais de Sa\u00fade, em Goi\u00e2nia-GO, e foi premiada como a melhor experi\u00eancia do estado de Alagoas.<\/p>\n<p>O projeto \u00e9 realizado no Abrigo S\u00e3o Vicente pelas equipes Multidisciplinar e da Sa\u00fade da Fam\u00edlia da Lagoa do Junco. S\u00e3o realizados acompanhamento mensal com consultas, exames, imuniza\u00e7\u00e3o e avalia\u00e7\u00e3o com a equipe da Estrat\u00e9gia de Sa\u00fade da Fam\u00edlia, al\u00e9m de fisioterapia, educa\u00e7\u00e3o f\u00edsica, avalia\u00e7\u00e3o da nutricionista e atendimentos com assistente social e psic\u00f3loga, o que promove o fortalecimento da sa\u00fade e o bem-estar dos idosos.<\/p>\n<p>O apoio do deputado federal Isnaldo Bulh\u00f5es foi fundamental para a conquista. O parlamentar destinou R$ 200 mil de emendas para institutos sociais do munic\u00edpio, dentre elas o Abrigo S\u00e3o Vicente, o que vem contribuindo com a execu\u00e7\u00e3o de melhorias nos servi\u00e7os j\u00e1 ofertados.<\/p>\n<p>Sa\u00fade \u00e9 prioridade no Governo de Confian\u00e7a e essa conquista s\u00f3 mostra que a gest\u00e3o da prefeita Christiane Bulh\u00f5es est\u00e1 no caminho certo.<\/p>\n<p>O XXXVII Congresso Nacional de Secretarias Municipais de Sa\u00fade \u00e9 o maior evento de sa\u00fade p\u00fablica da Am\u00e9rica do Sul: com o tema O SUS que Falta no Brasil, o congresso teve in\u00edcio no \u00faltimo domingo (16) e ser\u00e1 encerrado nesta quarta-feira (19).<\/p>\n<p>Com Assessoria&nbsp;<\/p>\n<span style=\"clear:both;display:none;\"><img src=\"http:\/\/www.muricionline.com.br\/novo\/wp-content\/plugins\/wp-spamfree\/img\/wpsf-img.php\" width=\"0\" height=\"0\" alt=\"\" style=\"border-style:none;width:0px;height:0px;display:none;\" \/><\/span>","protected":false},"excerpt":{"rendered":"<p>Experi\u00eancia Lar Feliz da Secretaria Municipal de Sa\u00fade foi premiado no XXXVII Congresso Nacional de Secretarias Municipais de Sa\u00fade, em Goi\u00e2nia-GO A Sa\u00fade de Santana do Ipanema \u00e9 destaque nacional mais uma vez. A equipe da Secretaria Municipal de Sa\u00fade apresentou a Experi\u00eancia Lar Feliz: O Olhar M\u00faltiplo da Sa\u00fade do Idoso na Constru\u00e7\u00e3o de&#8230;<\/p>\n","protected":false},"author":1,"featured_media":20938,"comment_status":"open","ping_status":"open","sticky":false,"template":"","format":"standard","meta":{"footnotes":""},"categories":[1],"tags":[5],"_links":{"self":[{"href":"http:\/\/www.muricionline.com.br\/novo\/index.php?rest_route=\/wp\/v2\/posts\/20937"}],"collection":[{"href":"http:\/\/www.muricionline.com.br\/novo\/index.php?rest_route=\/wp\/v2\/posts"}],"about":[{"href":"http:\/\/www.muricionline.com.br\/novo\/index.php?rest_route=\/wp\/v2\/types\/post"}],"author":[{"embeddable":true,"href":"http:\/\/www.muricionline.com.br\/novo\/index.php?rest_route=\/wp\/v2\/users\/1"}],"replies":[{"embeddable":true,"href":"http:\/\/www.muricionline.com.br\/novo\/index.php?rest_route=%2Fwp%2Fv2%2Fcomments&post=20937"}],"version-history":[{"count":1,"href":"http:\/\/www.muricionline.com.br\/novo\/index.php?rest_route=\/wp\/v2\/posts\/20937\/revisions"}],"predecessor-version":[{"id":20939,"href":"http:\/\/www.muricionline.com.br\/novo\/index.php?rest_route=\/wp\/v2\/posts\/20937\/revisions\/20939"}],"wp:featuredmedia":[{"embeddable":true,"href":"http:\/\/www.muricionline.com.br\/novo\/index.php?rest_route=\/wp\/v2\/media\/20938"}],"wp:attachment":[{"href":"http:\/\/www.muricionline.com.br\/novo\/index.php?rest_route=%2Fwp%2Fv2%2Fmedia&parent=20937"}],"wp:term":[{"taxonomy":"category","embeddable":true,"href":"http:\/\/www.muricionline.com.br\/novo\/index.php?rest_route=%2Fwp%2Fv2%2Fcategories&post=20937"},{"taxonomy":"post_tag","embeddable":true,"href":"http:\/\/www.muricionline.com.br\/novo\/index.php?rest_route=%2Fwp%2Fv2%2Ftags&post=20937"}],"curies":[{"name":"wp","href":"https:\/\/api.w.org\/{rel}","templated":true}]}}