{"id":20944,"date":"2023-07-20T08:48:04","date_gmt":"2023-07-20T11:48:04","guid":{"rendered":"http:\/\/www.muricionline.com.br\/novo\/?p=20944"},"modified":"2023-07-20T08:48:04","modified_gmt":"2023-07-20T11:48:04","slug":"profissionais-da-creche-cria-de-santana-do-mundau-participam-de-capacitacao-em-primeiros-socorros","status":"publish","type":"post","link":"http:\/\/www.muricionline.com.br\/novo\/?p=20944","title":{"rendered":"Profissionais da Creche Cria de Santana do Munda\u00fa participam de capacita\u00e7\u00e3o em primeiros socorros"},"content":{"rendered":"<p>Em parceria com o Governo do Estado, por meio da Secretaria Extraordin\u00e1ria da Primeira Inf\u00e2ncia (SECRIA), cerca de 30 profissionais da Creche Cria Ivaneide Pantale\u00e3o Ferreira de Santana do Munda\u00fa, participaram de uma importante capacita\u00e7\u00e3o em primeiros socorros. Ministrada por m\u00e9dicos e enfermeiros do Servi\u00e7o de Atendimento M\u00e9dico de Urg\u00eancia (SAMU), a iniciativa faz parte do projeto \u2018Creche Segura\u2019, em cumprimento a Lei Lucas n\u00ba 13.722, que torna obrigat\u00f3ria a capacita\u00e7\u00e3o para professores e funcion\u00e1rios da educa\u00e7\u00e3o b\u00e1sica e recrea\u00e7\u00e3o infantil.<\/p>\n<p>Com seis horas\/aula e uma abordagem din\u00e2mica e pr\u00e1tica, os profissionais receberam no\u00e7\u00f5es b\u00e1sicas dos primeiros socorros nas seguintes situa\u00e7\u00f5es: engasgo; choque el\u00e9trico; fraturas; convuls\u00f5es; afogamentos; ferimentos; queimaduras e parada cardiorrespirat\u00f3ria. Ao final, todos receberam certificados.<\/p>\n<p>\u201cAtrav\u00e9s dessa importante parceria, garantimos aos nossos profissionais o acesso a um curso essencial, que os torna aptos a atuar junto aos nossos pequenos estudantes em eventuais ocorr\u00eancias. Al\u00e9m de conhecimento, essa forma\u00e7\u00e3o garante mais tranquilidade para toda nossa equipe, como tamb\u00e9m, para os pais e respons\u00e1veis; nossa meta agora \u00e9 estender a iniciativa para que os demais servidores da educa\u00e7\u00e3o infantil e do fundamental, tamb\u00e9m sejam devidamente capacitados. Agrade\u00e7o a secret\u00e1ria de estado, Paula Dantas, a todos que integram o SAMU e demais envolvidos nesse importante projeto\u201d, disse Andr\u00e9 Castro, secret\u00e1rio de educa\u00e7\u00e3o.<\/p>\n<p>Com Assessoria&nbsp;<\/p>\n<span style=\"clear:both;display:none;\"><img src=\"http:\/\/www.muricionline.com.br\/novo\/wp-content\/plugins\/wp-spamfree\/img\/wpsf-img.php\" width=\"0\" height=\"0\" alt=\"\" style=\"border-style:none;width:0px;height:0px;display:none;\" \/><\/span>","protected":false},"excerpt":{"rendered":"<p>Em parceria com o Governo do Estado, por meio da Secretaria Extraordin\u00e1ria da Primeira Inf\u00e2ncia (SECRIA), cerca de 30 profissionais da Creche Cria Ivaneide Pantale\u00e3o Ferreira de Santana do Munda\u00fa, participaram de uma importante capacita\u00e7\u00e3o em primeiros socorros. Ministrada por m\u00e9dicos e enfermeiros do Servi\u00e7o de Atendimento M\u00e9dico de Urg\u00eancia (SAMU), a iniciativa faz parte&#8230;<\/p>\n","protected":false},"author":1,"featured_media":20945,"comment_status":"open","ping_status":"open","sticky":false,"template":"","format":"standard","meta":{"footnotes":""},"categories":[1],"tags":[5],"_links":{"self":[{"href":"http:\/\/www.muricionline.com.br\/novo\/index.php?rest_route=\/wp\/v2\/posts\/20944"}],"collection":[{"href":"http:\/\/www.muricionline.com.br\/novo\/index.php?rest_route=\/wp\/v2\/posts"}],"about":[{"href":"http:\/\/www.muricionline.com.br\/novo\/index.php?rest_route=\/wp\/v2\/types\/post"}],"author":[{"embeddable":true,"href":"http:\/\/www.muricionline.com.br\/novo\/index.php?rest_route=\/wp\/v2\/users\/1"}],"replies":[{"embeddable":true,"href":"http:\/\/www.muricionline.com.br\/novo\/index.php?rest_route=%2Fwp%2Fv2%2Fcomments&post=20944"}],"version-history":[{"count":1,"href":"http:\/\/www.muricionline.com.br\/novo\/index.php?rest_route=\/wp\/v2\/posts\/20944\/revisions"}],"predecessor-version":[{"id":20946,"href":"http:\/\/www.muricionline.com.br\/novo\/index.php?rest_route=\/wp\/v2\/posts\/20944\/revisions\/20946"}],"wp:featuredmedia":[{"embeddable":true,"href":"http:\/\/www.muricionline.com.br\/novo\/index.php?rest_route=\/wp\/v2\/media\/20945"}],"wp:attachment":[{"href":"http:\/\/www.muricionline.com.br\/novo\/index.php?rest_route=%2Fwp%2Fv2%2Fmedia&parent=20944"}],"wp:term":[{"taxonomy":"category","embeddable":true,"href":"http:\/\/www.muricionline.com.br\/novo\/index.php?rest_route=%2Fwp%2Fv2%2Fcategories&post=20944"},{"taxonomy":"post_tag","embeddable":true,"href":"http:\/\/www.muricionline.com.br\/novo\/index.php?rest_route=%2Fwp%2Fv2%2Ftags&post=20944"}],"curies":[{"name":"wp","href":"https:\/\/api.w.org\/{rel}","templated":true}]}}