{"id":20964,"date":"2023-07-24T07:35:31","date_gmt":"2023-07-24T10:35:31","guid":{"rendered":"http:\/\/www.muricionline.com.br\/novo\/?p=20964"},"modified":"2023-07-24T07:35:31","modified_gmt":"2023-07-24T10:35:31","slug":"santana-do-mundau-e-escolhida-pelo-ministerio-da-saude-municipio-piloto-do-sistema-esus-notifica","status":"publish","type":"post","link":"http:\/\/www.muricionline.com.br\/novo\/?p=20964","title":{"rendered":"Santana do Munda\u00fa \u00e9 escolhida pelo Minist\u00e9rio da Sa\u00fade munic\u00edpio piloto do sistema eSUS Notifica"},"content":{"rendered":"<p>Refer\u00eancia em todo o pa\u00eds, a sa\u00fade do munic\u00edpio de Santana do Munda\u00fa, por se destacar em sua organiza\u00e7\u00e3o no banco de dados, foi escolhida pelo Minist\u00e9rio da Sa\u00fade, como refer\u00eancia piloto na utiliza\u00e7\u00e3o do sistema eSUS Notifica no Brasil &#8211; ferramenta relevante para garantir agilidade no processo de notifica\u00e7\u00e3o, auxiliar o planejamento da sa\u00fade, definir prioridades de interven\u00e7\u00e3o, al\u00e9m de permitir que seja avaliado o impacto das a\u00e7\u00f5es realizadas pelos gestores.<\/p>\n<p>\u201cDurante a pandemia, precisamos aprender e reaprender muitas coisas, inclusive os sistemas de sa\u00fade. Pensando nisso, o Minist\u00e9rio da Sa\u00fade buscou incluir no banco de dados, novos campos referentes a vacinas e m\u00faltiplos testes dos pacientes. Com a seriedade com a qual sempre tratamos a sa\u00fade p\u00fablica e uma equipe engajada, fomos escolhidos como munic\u00edpio refer\u00eancia para verifica\u00e7\u00e3o se o novo sistema est\u00e1 sendo, de fato, eficiente. Uma conquista atribu\u00edda \u00e0 seriedade e compromisso da gest\u00e3o do prefeito Arthur Freitas junto aos servi\u00e7os em sa\u00fade ofertados aos mundauenses\u201d, explicou a secret\u00e1ria Paula Cavalcante.<\/p>\n<p>\u201cEstamos muito felizes em saber que a organiza\u00e7\u00e3o em nosso banco de dados foi destaque nacional; e que isso nos levou a ser escolhidos como o munic\u00edpio refer\u00eancia pelo Minist\u00e9rio da Sa\u00fade. Essa conquista atesta que desde os setores operacionais, de log\u00edstica, passando pelo suporte e o atendimento \u00e0 nossa popula\u00e7\u00e3o, a sa\u00fade de Santana do Munda\u00fa mant\u00e9m um padr\u00e3o de qualidade e efici\u00eancia\u201d, destacou o prefeito Arthur Freitas.<\/p>\n<p>&nbsp;<\/p>\n<p>Com Assessoria&nbsp;<\/p>\n<span style=\"clear:both;display:none;\"><img src=\"http:\/\/www.muricionline.com.br\/novo\/wp-content\/plugins\/wp-spamfree\/img\/wpsf-img.php\" width=\"0\" height=\"0\" alt=\"\" style=\"border-style:none;width:0px;height:0px;display:none;\" \/><\/span>","protected":false},"excerpt":{"rendered":"<p>Refer\u00eancia em todo o pa\u00eds, a sa\u00fade do munic\u00edpio de Santana do Munda\u00fa, por se destacar em sua organiza\u00e7\u00e3o no banco de dados, foi escolhida pelo Minist\u00e9rio da Sa\u00fade, como refer\u00eancia piloto na utiliza\u00e7\u00e3o do sistema eSUS Notifica no Brasil &#8211; ferramenta relevante para garantir agilidade no processo de notifica\u00e7\u00e3o, auxiliar o planejamento da sa\u00fade,&#8230;<\/p>\n","protected":false},"author":1,"featured_media":20965,"comment_status":"open","ping_status":"open","sticky":false,"template":"","format":"standard","meta":{"footnotes":""},"categories":[1],"tags":[5],"_links":{"self":[{"href":"http:\/\/www.muricionline.com.br\/novo\/index.php?rest_route=\/wp\/v2\/posts\/20964"}],"collection":[{"href":"http:\/\/www.muricionline.com.br\/novo\/index.php?rest_route=\/wp\/v2\/posts"}],"about":[{"href":"http:\/\/www.muricionline.com.br\/novo\/index.php?rest_route=\/wp\/v2\/types\/post"}],"author":[{"embeddable":true,"href":"http:\/\/www.muricionline.com.br\/novo\/index.php?rest_route=\/wp\/v2\/users\/1"}],"replies":[{"embeddable":true,"href":"http:\/\/www.muricionline.com.br\/novo\/index.php?rest_route=%2Fwp%2Fv2%2Fcomments&post=20964"}],"version-history":[{"count":1,"href":"http:\/\/www.muricionline.com.br\/novo\/index.php?rest_route=\/wp\/v2\/posts\/20964\/revisions"}],"predecessor-version":[{"id":20966,"href":"http:\/\/www.muricionline.com.br\/novo\/index.php?rest_route=\/wp\/v2\/posts\/20964\/revisions\/20966"}],"wp:featuredmedia":[{"embeddable":true,"href":"http:\/\/www.muricionline.com.br\/novo\/index.php?rest_route=\/wp\/v2\/media\/20965"}],"wp:attachment":[{"href":"http:\/\/www.muricionline.com.br\/novo\/index.php?rest_route=%2Fwp%2Fv2%2Fmedia&parent=20964"}],"wp:term":[{"taxonomy":"category","embeddable":true,"href":"http:\/\/www.muricionline.com.br\/novo\/index.php?rest_route=%2Fwp%2Fv2%2Fcategories&post=20964"},{"taxonomy":"post_tag","embeddable":true,"href":"http:\/\/www.muricionline.com.br\/novo\/index.php?rest_route=%2Fwp%2Fv2%2Ftags&post=20964"}],"curies":[{"name":"wp","href":"https:\/\/api.w.org\/{rel}","templated":true}]}}