{"id":20967,"date":"2023-07-24T08:02:40","date_gmt":"2023-07-24T11:02:40","guid":{"rendered":"http:\/\/www.muricionline.com.br\/novo\/?p=20967"},"modified":"2023-07-24T08:02:40","modified_gmt":"2023-07-24T11:02:40","slug":"jovem-de-18-anos-e-detido-armado-apos-acao-policial-em-murici","status":"publish","type":"post","link":"http:\/\/www.muricionline.com.br\/novo\/?p=20967","title":{"rendered":"Jovem de 18 anos \u00e9 detido armado ap\u00f3s a\u00e7\u00e3o policial em Murici"},"content":{"rendered":"<p>Na noite desta sexta-feira (21\/7) uma opera\u00e7\u00e3o conjunta entre a P2 do 2\u00b0 Batalh\u00e3o de Pol\u00edcia Militar e o Pelot\u00e3o de Opera\u00e7\u00f5es Especiais (Pelopes) resultou na deten\u00e7\u00e3o de um indiv\u00edduo de 18 anos, portando uma arma de fogo e subst\u00e2ncias il\u00edcitas, no Conjunto PTR, em <a href=\"https:\/\/www.br104.com.br\/tag\/murici\/\"><strong>Murici<\/strong><\/a>.<\/p>\n<p>A a\u00e7\u00e3o policial teve in\u00edcio ap\u00f3s a P2 do 2\u00b0 BPM receber informa\u00e7\u00f5es sobre a presen\u00e7a de um suspeito circulando armado no endere\u00e7o citado. A guarni\u00e7\u00e3o do Pelopes foi acionada para verificar a den\u00fancia e, ao adentrar a rua, os policiais identificaram o indiv\u00edduo com as caracter\u00edsticas descritas na informa\u00e7\u00e3o recebida.<\/p>\n<p>Ao perceber a aproxima\u00e7\u00e3o da equipe policial, o suspeito tentou empreender fuga, por\u00e9m, foi alcan\u00e7ado pelos policiais ap\u00f3s uma r\u00e1pida persegui\u00e7\u00e3o. Durante a busca pessoal, foram encontrados materiais il\u00edcitos em posse do indiv\u00edduo, que inclu\u00edam:<\/p>\n<div class=\"code-block code-block-8\">\n<div>&nbsp;<\/div>\n<\/div>\n<p><strong>Material apreendido:<\/strong><\/p>\n<ul>\n<li>06 Bombinhas de Maconha;<\/li>\n<li>01 Rev\u00f3lver cal.38;<\/li>\n<li>02 Muni\u00e7\u00f5es intactas cal.38;<\/li>\n<li>01 Celular LG (Azul);<\/li>\n<li>01 Celular Redmi (Azul);<\/li>\n<li>01 Celular Motorola (Preto).<\/li>\n<\/ul>\n<p>Diante das evid\u00eancias, a guarni\u00e7\u00e3o conduziu o suspeito ao Centro Integrado de Seguran\u00e7a P\u00fablica (CISP) de Murici, onde foi lavrado o flagrante delito pela autoridade judici\u00e1ria.<\/p>\n<p>O indiv\u00edduo detido enfrentar\u00e1 acusa\u00e7\u00f5es relacionadas ao porte ilegal de arma de fogo e posse de entorpecentes, e ficar\u00e1 \u00e0 disposi\u00e7\u00e3o da Justi\u00e7a para responder pelos seus atos.<\/p>\n<p><strong>Profissionais participantes:<\/strong><\/p>\n<ul>\n<li>P2 do 2\u00b0 BPM;<\/li>\n<li>Pelopes.\n<p>Com BR104<\/li>\n<\/ul>\n<span style=\"clear:both;display:none;\"><img src=\"http:\/\/www.muricionline.com.br\/novo\/wp-content\/plugins\/wp-spamfree\/img\/wpsf-img.php\" width=\"0\" height=\"0\" alt=\"\" style=\"border-style:none;width:0px;height:0px;display:none;\" \/><\/span>","protected":false},"excerpt":{"rendered":"<p>Na noite desta sexta-feira (21\/7) uma opera\u00e7\u00e3o conjunta entre a P2 do 2\u00b0 Batalh\u00e3o de Pol\u00edcia Militar e o Pelot\u00e3o de Opera\u00e7\u00f5es Especiais (Pelopes) resultou na deten\u00e7\u00e3o de um indiv\u00edduo de 18 anos, portando uma arma de fogo e subst\u00e2ncias il\u00edcitas, no Conjunto PTR, em Murici. A a\u00e7\u00e3o policial teve in\u00edcio ap\u00f3s a P2 do&#8230;<\/p>\n","protected":false},"author":1,"featured_media":20968,"comment_status":"open","ping_status":"open","sticky":false,"template":"","format":"standard","meta":{"footnotes":""},"categories":[1],"tags":[5],"_links":{"self":[{"href":"http:\/\/www.muricionline.com.br\/novo\/index.php?rest_route=\/wp\/v2\/posts\/20967"}],"collection":[{"href":"http:\/\/www.muricionline.com.br\/novo\/index.php?rest_route=\/wp\/v2\/posts"}],"about":[{"href":"http:\/\/www.muricionline.com.br\/novo\/index.php?rest_route=\/wp\/v2\/types\/post"}],"author":[{"embeddable":true,"href":"http:\/\/www.muricionline.com.br\/novo\/index.php?rest_route=\/wp\/v2\/users\/1"}],"replies":[{"embeddable":true,"href":"http:\/\/www.muricionline.com.br\/novo\/index.php?rest_route=%2Fwp%2Fv2%2Fcomments&post=20967"}],"version-history":[{"count":1,"href":"http:\/\/www.muricionline.com.br\/novo\/index.php?rest_route=\/wp\/v2\/posts\/20967\/revisions"}],"predecessor-version":[{"id":20969,"href":"http:\/\/www.muricionline.com.br\/novo\/index.php?rest_route=\/wp\/v2\/posts\/20967\/revisions\/20969"}],"wp:featuredmedia":[{"embeddable":true,"href":"http:\/\/www.muricionline.com.br\/novo\/index.php?rest_route=\/wp\/v2\/media\/20968"}],"wp:attachment":[{"href":"http:\/\/www.muricionline.com.br\/novo\/index.php?rest_route=%2Fwp%2Fv2%2Fmedia&parent=20967"}],"wp:term":[{"taxonomy":"category","embeddable":true,"href":"http:\/\/www.muricionline.com.br\/novo\/index.php?rest_route=%2Fwp%2Fv2%2Fcategories&post=20967"},{"taxonomy":"post_tag","embeddable":true,"href":"http:\/\/www.muricionline.com.br\/novo\/index.php?rest_route=%2Fwp%2Fv2%2Ftags&post=20967"}],"curies":[{"name":"wp","href":"https:\/\/api.w.org\/{rel}","templated":true}]}}