{"id":20973,"date":"2023-07-24T08:30:39","date_gmt":"2023-07-24T11:30:39","guid":{"rendered":"http:\/\/www.muricionline.com.br\/novo\/?p=20973"},"modified":"2023-07-24T08:30:39","modified_gmt":"2023-07-24T11:30:39","slug":"iguinho-lulinha-e-dorgival-dantas-serao-as-atracoes-musicais-no-aniversario-de-137-anos-de-sao-jose-da-laje","status":"publish","type":"post","link":"http:\/\/www.muricionline.com.br\/novo\/?p=20973","title":{"rendered":"Iguinho &#038; Lulinha e Dorgival Dantas ser\u00e3o as atra\u00e7\u00f5es musicais no anivers\u00e1rio de 137 anos de S\u00e3o Jos\u00e9 da Laje"},"content":{"rendered":"<p>Os f\u00e3s da dupla Iguinho &amp; Lulinha e do cantor Dorgival Dantas ter\u00e3o um momento de muita alegria no pr\u00f3ximo dia 27 de julho, data em que se comemora o anivers\u00e1rio de 137 anos de emancipa\u00e7\u00e3o pol\u00edtica do munic\u00edpio de S\u00e3o Jos\u00e9 da Laje. Os artistas ser\u00e3o as atra\u00e7\u00f5es principais das festividades alusivas \u00e0 data.<\/p>\n<p>Na programa\u00e7\u00e3o, divulgada pela prefeita \u00c2ngela Vanessa e pelo secret\u00e1rio Neno da Laje, al\u00e9m do poeta e da dupla sensa\u00e7\u00e3o das vaquejadas, tamb\u00e9m se apresentar\u00e3o os DJs Gele e Duobeatz.<\/p>\n<p><a href=\"http:\/\/www.muricionline.com.br\/novo\/wp-content\/uploads\/2023\/07\/IMG_3139.jpeg\"><img loading=\"lazy\" decoding=\"async\" class=\"aligncenter size-full wp-image-20974\" src=\"http:\/\/www.muricionline.com.br\/novo\/wp-content\/uploads\/2023\/07\/IMG_3139.jpeg\" alt=\"\" width=\"1284\" height=\"1703\" srcset=\"http:\/\/www.muricionline.com.br\/novo\/wp-content\/uploads\/2023\/07\/IMG_3139.jpeg 1284w, http:\/\/www.muricionline.com.br\/novo\/wp-content\/uploads\/2023\/07\/IMG_3139-188x250.jpeg 188w, http:\/\/www.muricionline.com.br\/novo\/wp-content\/uploads\/2023\/07\/IMG_3139-768x1019.jpeg 768w, http:\/\/www.muricionline.com.br\/novo\/wp-content\/uploads\/2023\/07\/IMG_3139-302x400.jpeg 302w\" sizes=\"(max-width: 1284px) 100vw, 1284px\" \/><\/a><\/p>\n<span style=\"clear:both;display:none;\"><img src=\"http:\/\/www.muricionline.com.br\/novo\/wp-content\/plugins\/wp-spamfree\/img\/wpsf-img.php\" width=\"0\" height=\"0\" alt=\"\" style=\"border-style:none;width:0px;height:0px;display:none;\" \/><\/span>","protected":false},"excerpt":{"rendered":"<p>Os f\u00e3s da dupla Iguinho &amp; Lulinha e do cantor Dorgival Dantas ter\u00e3o um momento de muita alegria no pr\u00f3ximo dia 27 de julho, data em que se comemora o anivers\u00e1rio de 137 anos de emancipa\u00e7\u00e3o pol\u00edtica do munic\u00edpio de S\u00e3o Jos\u00e9 da Laje. Os artistas ser\u00e3o as atra\u00e7\u00f5es principais das festividades alusivas \u00e0 data&#8230;.<\/p>\n","protected":false},"author":1,"featured_media":20975,"comment_status":"open","ping_status":"open","sticky":false,"template":"","format":"standard","meta":{"footnotes":""},"categories":[7,1],"tags":[5],"_links":{"self":[{"href":"http:\/\/www.muricionline.com.br\/novo\/index.php?rest_route=\/wp\/v2\/posts\/20973"}],"collection":[{"href":"http:\/\/www.muricionline.com.br\/novo\/index.php?rest_route=\/wp\/v2\/posts"}],"about":[{"href":"http:\/\/www.muricionline.com.br\/novo\/index.php?rest_route=\/wp\/v2\/types\/post"}],"author":[{"embeddable":true,"href":"http:\/\/www.muricionline.com.br\/novo\/index.php?rest_route=\/wp\/v2\/users\/1"}],"replies":[{"embeddable":true,"href":"http:\/\/www.muricionline.com.br\/novo\/index.php?rest_route=%2Fwp%2Fv2%2Fcomments&post=20973"}],"version-history":[{"count":1,"href":"http:\/\/www.muricionline.com.br\/novo\/index.php?rest_route=\/wp\/v2\/posts\/20973\/revisions"}],"predecessor-version":[{"id":20976,"href":"http:\/\/www.muricionline.com.br\/novo\/index.php?rest_route=\/wp\/v2\/posts\/20973\/revisions\/20976"}],"wp:featuredmedia":[{"embeddable":true,"href":"http:\/\/www.muricionline.com.br\/novo\/index.php?rest_route=\/wp\/v2\/media\/20975"}],"wp:attachment":[{"href":"http:\/\/www.muricionline.com.br\/novo\/index.php?rest_route=%2Fwp%2Fv2%2Fmedia&parent=20973"}],"wp:term":[{"taxonomy":"category","embeddable":true,"href":"http:\/\/www.muricionline.com.br\/novo\/index.php?rest_route=%2Fwp%2Fv2%2Fcategories&post=20973"},{"taxonomy":"post_tag","embeddable":true,"href":"http:\/\/www.muricionline.com.br\/novo\/index.php?rest_route=%2Fwp%2Fv2%2Ftags&post=20973"}],"curies":[{"name":"wp","href":"https:\/\/api.w.org\/{rel}","templated":true}]}}