{"id":20977,"date":"2023-07-24T09:03:21","date_gmt":"2023-07-24T12:03:21","guid":{"rendered":"http:\/\/www.muricionline.com.br\/novo\/?p=20977"},"modified":"2023-07-24T09:03:21","modified_gmt":"2023-07-24T12:03:21","slug":"prefeitura-de-branquinha-anuncia-programa-de-incentivo-a-educacao-de-jovens-e-adultos","status":"publish","type":"post","link":"http:\/\/www.muricionline.com.br\/novo\/?p=20977","title":{"rendered":"Prefeitura de Branquinha anuncia Programa de Incentivo \u00e0 Educa\u00e7\u00e3o de Jovens e Adultos"},"content":{"rendered":"<p>_estudantes matriculados e ass\u00edduos ter\u00e3o uma bolsa aux\u00edlio de R$ 80,00_<\/p>\n<p>O prefeito de Branquinha, Neno Freitas, sancionou a Lei n\u00ba498\/2023, que institui o Programa de Incentivo \u00e0 Educa\u00e7\u00e3o de Jovens e Adultos &#8211; EJA. Com o objetivo de erradicar o analfabetismo e aumentar os \u00edndices de escolaridade e desenvolvimento educacional da popula\u00e7\u00e3o jovem e adulta do munic\u00edpio, estudantes com idade igual ou acima de 15 anos, matriculados na modalidade EJA da Educa\u00e7\u00e3o B\u00e1sica dos n\u00edveis Fundamental I e Fundamental II, ter\u00e3o acesso a uma bolsa aux\u00edlio de R$ 80,00 (oitenta reais) mensais.<\/p>\n<p>Para ter direito ao benef\u00edcio, os estudantes dever\u00e3o, entre outros requisitos, obter frequ\u00eancia comprovada de pelo menos 90% das aulas; atingir aprova\u00e7\u00e3o com m\u00e9dia nas avalia\u00e7\u00f5es das escolas; e estar inserido nos crit\u00e9rios de vulnerabilidade socioecon\u00f4mica. \u201cEsta Lei chega para refor\u00e7ar as a\u00e7\u00f5es de est\u00edmulo \u00e0 perman\u00eancia na escola, incentivo e apoio, para contribuir com os esfor\u00e7os dos estudantes e refor\u00e7ar a educa\u00e7\u00e3o dos jovens e adultos do nosso munic\u00edpio. A Bolsa Aux\u00edlio atesta o compromisso da gest\u00e3o do prefeito Neno Freitas com a inclus\u00e3o e a oferta de uma educa\u00e7\u00e3o de qualidade para todos os branquinhenses, independentemente da idade\u201d, disse o secret\u00e1rio Ednaldo Firmino.<\/p>\n<p>\u201cCom a aprova\u00e7\u00e3o da C\u00e2mara Municipal, sancionamos essa Lei t\u00e3o importante, que reflete nosso compromisso com a educa\u00e7\u00e3o municipal. Seja atrav\u00e9s de investimentos nas Unidades, na valoriza\u00e7\u00e3o dos nossos servidores e, agora, com esse incentivo aos estudantes jovens e adultos, queremos garantir a eleva\u00e7\u00e3o dos nossos \u00edndices educacionais. Com a Bolsa Aux\u00edlio, n\u00f3s iremos trazer de volta \u00e0s salas de aula aquele aluno que, eventualmente, precisou abandonar o estudo por causa de outras atribui\u00e7\u00f5es; e assegurar que mensalmente, o valor creditado auxilie em suas necessidades b\u00e1sicas, contribuindo para o desenvolvimento de suas atividades educacionais. \u00c9 mais uma a\u00e7\u00e3o adotada pela nossa gest\u00e3o com responsabilidade e planejamento, assegurando assim mais cidadania e educa\u00e7\u00e3o para todos\u201d, disse o prefeito, Neno Freitas.<\/p>\n<p>&nbsp;<\/p>\n<p>Com Assessoria&nbsp;<\/p>\n<span style=\"clear:both;display:none;\"><img src=\"http:\/\/www.muricionline.com.br\/novo\/wp-content\/plugins\/wp-spamfree\/img\/wpsf-img.php\" width=\"0\" height=\"0\" alt=\"\" style=\"border-style:none;width:0px;height:0px;display:none;\" \/><\/span>","protected":false},"excerpt":{"rendered":"<p>_estudantes matriculados e ass\u00edduos ter\u00e3o uma bolsa aux\u00edlio de R$ 80,00_ O prefeito de Branquinha, Neno Freitas, sancionou a Lei n\u00ba498\/2023, que institui o Programa de Incentivo \u00e0 Educa\u00e7\u00e3o de Jovens e Adultos &#8211; EJA. Com o objetivo de erradicar o analfabetismo e aumentar os \u00edndices de escolaridade e desenvolvimento educacional da popula\u00e7\u00e3o jovem e&#8230;<\/p>\n","protected":false},"author":1,"featured_media":20978,"comment_status":"open","ping_status":"open","sticky":false,"template":"","format":"standard","meta":{"footnotes":""},"categories":[1],"tags":[5],"_links":{"self":[{"href":"http:\/\/www.muricionline.com.br\/novo\/index.php?rest_route=\/wp\/v2\/posts\/20977"}],"collection":[{"href":"http:\/\/www.muricionline.com.br\/novo\/index.php?rest_route=\/wp\/v2\/posts"}],"about":[{"href":"http:\/\/www.muricionline.com.br\/novo\/index.php?rest_route=\/wp\/v2\/types\/post"}],"author":[{"embeddable":true,"href":"http:\/\/www.muricionline.com.br\/novo\/index.php?rest_route=\/wp\/v2\/users\/1"}],"replies":[{"embeddable":true,"href":"http:\/\/www.muricionline.com.br\/novo\/index.php?rest_route=%2Fwp%2Fv2%2Fcomments&post=20977"}],"version-history":[{"count":1,"href":"http:\/\/www.muricionline.com.br\/novo\/index.php?rest_route=\/wp\/v2\/posts\/20977\/revisions"}],"predecessor-version":[{"id":20979,"href":"http:\/\/www.muricionline.com.br\/novo\/index.php?rest_route=\/wp\/v2\/posts\/20977\/revisions\/20979"}],"wp:featuredmedia":[{"embeddable":true,"href":"http:\/\/www.muricionline.com.br\/novo\/index.php?rest_route=\/wp\/v2\/media\/20978"}],"wp:attachment":[{"href":"http:\/\/www.muricionline.com.br\/novo\/index.php?rest_route=%2Fwp%2Fv2%2Fmedia&parent=20977"}],"wp:term":[{"taxonomy":"category","embeddable":true,"href":"http:\/\/www.muricionline.com.br\/novo\/index.php?rest_route=%2Fwp%2Fv2%2Fcategories&post=20977"},{"taxonomy":"post_tag","embeddable":true,"href":"http:\/\/www.muricionline.com.br\/novo\/index.php?rest_route=%2Fwp%2Fv2%2Ftags&post=20977"}],"curies":[{"name":"wp","href":"https:\/\/api.w.org\/{rel}","templated":true}]}}