{"id":20981,"date":"2023-07-24T13:34:33","date_gmt":"2023-07-24T16:34:33","guid":{"rendered":"http:\/\/www.muricionline.com.br\/novo\/?p=20981"},"modified":"2023-07-25T13:19:23","modified_gmt":"2023-07-25T16:19:23","slug":"dos-servicos-publicos-da-prefeitura-de-santana-tenho-muito-que-elogiar-diz-beneficiaria-do-programa-remedio-em-casa","status":"publish","type":"post","link":"http:\/\/www.muricionline.com.br\/novo\/?p=20981","title":{"rendered":"Dos servi\u00e7os p\u00fablicos da Prefeitura de Santana, tenho muito que elogiar\u2019, diz benefici\u00e1ria do Programa Rem\u00e9dio em Casa"},"content":{"rendered":"<p>O Programa Rem\u00e9dio em Casa, lan\u00e7ado pela Prefeitura de Santana do Ipanema em 2022, \u00e9 uma das diversas a\u00e7\u00f5es do Governo de Confian\u00e7a que al\u00e9m de levar as medica\u00e7\u00f5es na porta das casas dos benefici\u00e1rios, est\u00e1 garantindo bem-estar e dignidade.<\/p>\n<p>284 santanenses recebem os medicamentos. S\u00e3o pessoas acamadas, portadoras de necessidades especiais, com transtornos mentais e demandas judiciais.<\/p>\n<p>As motocicletas que s\u00e3o utilizadas no Programa foram adquiridas com emendas parlamentares destinadas pelo deputado federal Isnaldo Bulh\u00f5es.<\/p>\n<p>Entre os beneficiados est\u00e1 dona Terezinha Francisca. Ela tem 78 anos e dificuldades de locomo\u00e7\u00e3o. Em vez de comprar a medica\u00e7\u00e3o, ela j\u00e1 economiza para comprar alimenta\u00e7\u00e3o. Terezinha fez um agradecimento a prefeita por ter criado o programa e avaliou os servi\u00e7os p\u00fablicos da Prefeitura de Santana. \u201cDos servi\u00e7os p\u00fablicos de Santana eu n\u00e3o tenho nada a reclamar, tenho muito que elogiar, est\u00e1 sendo \u00f3timo\u201d, comentou a benefici\u00e1ria.<\/p>\n<p>Outro benefici\u00e1rio \u00e9 C\u00edcero Florentino, de 72 anos. Ele e sua esposa, dona Floraci Isabel, de 75 anos, recebem os medicamentos na porta de casa. Sua esposa \u00e9 acamada e n\u00e3o pode ir buscar os rem\u00e9dios, j\u00e1 ele cuida da companheira. \u201cA gente recebe os rem\u00e9dios nas horas certas e nos dias certos. A sa\u00fade p\u00fablica de Santana est\u00e1 muito bem, temos assist\u00eancia em tudo que precisamos, al\u00e9m disso recebemos a equipe m\u00e9dica do Programa Melhor em Casa, que cuida da minha esposa. Aqui a gente tem assist\u00eancia da Sa\u00fade\u201d, disse.<\/p>\n<p>A Prefeitura de Santana do Ipanema segue trabalhando para fortalecer a sa\u00fade p\u00fablica e melhorar cada vez mais os servi\u00e7os ofertados a popula\u00e7\u00e3o.<\/p>\n<p>&nbsp;<\/p>\n<p>Com Assessoria&nbsp;<\/p>\n<span style=\"clear:both;display:none;\"><img src=\"http:\/\/www.muricionline.com.br\/novo\/wp-content\/plugins\/wp-spamfree\/img\/wpsf-img.php\" width=\"0\" height=\"0\" alt=\"\" style=\"border-style:none;width:0px;height:0px;display:none;\" \/><\/span>","protected":false},"excerpt":{"rendered":"<p>O Programa Rem\u00e9dio em Casa, lan\u00e7ado pela Prefeitura de Santana do Ipanema em 2022, \u00e9 uma das diversas a\u00e7\u00f5es do Governo de Confian\u00e7a que al\u00e9m de levar as medica\u00e7\u00f5es na porta das casas dos benefici\u00e1rios, est\u00e1 garantindo bem-estar e dignidade. 284 santanenses recebem os medicamentos. S\u00e3o pessoas acamadas, portadoras de necessidades especiais, com transtornos mentais&#8230;<\/p>\n","protected":false},"author":1,"featured_media":20982,"comment_status":"open","ping_status":"open","sticky":false,"template":"","format":"standard","meta":{"footnotes":""},"categories":[8],"tags":[5],"_links":{"self":[{"href":"http:\/\/www.muricionline.com.br\/novo\/index.php?rest_route=\/wp\/v2\/posts\/20981"}],"collection":[{"href":"http:\/\/www.muricionline.com.br\/novo\/index.php?rest_route=\/wp\/v2\/posts"}],"about":[{"href":"http:\/\/www.muricionline.com.br\/novo\/index.php?rest_route=\/wp\/v2\/types\/post"}],"author":[{"embeddable":true,"href":"http:\/\/www.muricionline.com.br\/novo\/index.php?rest_route=\/wp\/v2\/users\/1"}],"replies":[{"embeddable":true,"href":"http:\/\/www.muricionline.com.br\/novo\/index.php?rest_route=%2Fwp%2Fv2%2Fcomments&post=20981"}],"version-history":[{"count":1,"href":"http:\/\/www.muricionline.com.br\/novo\/index.php?rest_route=\/wp\/v2\/posts\/20981\/revisions"}],"predecessor-version":[{"id":20983,"href":"http:\/\/www.muricionline.com.br\/novo\/index.php?rest_route=\/wp\/v2\/posts\/20981\/revisions\/20983"}],"wp:featuredmedia":[{"embeddable":true,"href":"http:\/\/www.muricionline.com.br\/novo\/index.php?rest_route=\/wp\/v2\/media\/20982"}],"wp:attachment":[{"href":"http:\/\/www.muricionline.com.br\/novo\/index.php?rest_route=%2Fwp%2Fv2%2Fmedia&parent=20981"}],"wp:term":[{"taxonomy":"category","embeddable":true,"href":"http:\/\/www.muricionline.com.br\/novo\/index.php?rest_route=%2Fwp%2Fv2%2Fcategories&post=20981"},{"taxonomy":"post_tag","embeddable":true,"href":"http:\/\/www.muricionline.com.br\/novo\/index.php?rest_route=%2Fwp%2Fv2%2Ftags&post=20981"}],"curies":[{"name":"wp","href":"https:\/\/api.w.org\/{rel}","templated":true}]}}