{"id":20987,"date":"2023-07-25T14:59:34","date_gmt":"2023-07-25T17:59:34","guid":{"rendered":"http:\/\/www.muricionline.com.br\/novo\/?p=20987"},"modified":"2023-07-25T14:59:34","modified_gmt":"2023-07-25T17:59:34","slug":"prefeitura-de-santana-do-mundau-inicia-cursos-profissionalizantes-em-parceria-com-o-senac","status":"publish","type":"post","link":"http:\/\/www.muricionline.com.br\/novo\/?p=20987","title":{"rendered":"Prefeitura de Santana do Munda\u00fa inicia cursos profissionalizantes em parceria com o Senac"},"content":{"rendered":"<p>Em mais uma iniciativa de qualifica\u00e7\u00e3o voltada \u00e0 popula\u00e7\u00e3o, a Prefeitura de Santana do Munda\u00fa, por meio da Secretaria de Assist\u00eancia Social e atrav\u00e9s de uma parceria com o Servi\u00e7o Nacional de Aprendizagem Comercial &#8211; Senac Alagoas, realizou nesta segunda-feira (24), a entrega dos fardamentos para o in\u00edcio dos cursos profissionalizantes gratuitos. No total, 40 participantes est\u00e3o matriculadas; sendo 20 alunas no curso de manicure e pedicure e outras 20, no de depila\u00e7\u00e3o.<\/p>\n<p>A forma\u00e7\u00e3o que possui carga hor\u00e1ria de 160 horas\/aula, totalizando assim, dois meses de aprendizado; contar\u00e1 com aulas te\u00f3ricas e pr\u00e1ticas. A secret\u00e1ria Lidiane Pimentel destacou a import\u00e2ncia de mais essa a\u00e7\u00e3o que visa capacitar, qualificar e expandir as possibilidades de novos neg\u00f3cios no munic\u00edpio.<\/p>\n<p>\u201cAtrav\u00e9s dessa importante parceria firmada com o Senac Alagoas, estamos iniciando mais uma oferta de cursos gratuitos, que al\u00e9m de assegurar uma forma\u00e7\u00e3o profissional para as alunas, tamb\u00e9m oportunizar\u00e1 que elas tenham uma nova profiss\u00e3o e garantam uma renda extra. Ser\u00e3o dois meses de muito aprendizado, onde por meio de aulas te\u00f3ricas e pr\u00e1ticas, elas poder\u00e3o se inserir no mercado de trabalho com a qualifica\u00e7\u00e3o necess\u00e1ria\u201d disse.<\/p>\n<p>&nbsp;<\/p>\n<p>Com Assessoria&nbsp;<\/p>\n<span style=\"clear:both;display:none;\"><img src=\"http:\/\/www.muricionline.com.br\/novo\/wp-content\/plugins\/wp-spamfree\/img\/wpsf-img.php\" width=\"0\" height=\"0\" alt=\"\" style=\"border-style:none;width:0px;height:0px;display:none;\" \/><\/span>","protected":false},"excerpt":{"rendered":"<p>Em mais uma iniciativa de qualifica\u00e7\u00e3o voltada \u00e0 popula\u00e7\u00e3o, a Prefeitura de Santana do Munda\u00fa, por meio da Secretaria de Assist\u00eancia Social e atrav\u00e9s de uma parceria com o Servi\u00e7o Nacional de Aprendizagem Comercial &#8211; Senac Alagoas, realizou nesta segunda-feira (24), a entrega dos fardamentos para o in\u00edcio dos cursos profissionalizantes gratuitos. No total, 40&#8230;<\/p>\n","protected":false},"author":1,"featured_media":20988,"comment_status":"open","ping_status":"open","sticky":false,"template":"","format":"standard","meta":{"footnotes":""},"categories":[1],"tags":[5],"_links":{"self":[{"href":"http:\/\/www.muricionline.com.br\/novo\/index.php?rest_route=\/wp\/v2\/posts\/20987"}],"collection":[{"href":"http:\/\/www.muricionline.com.br\/novo\/index.php?rest_route=\/wp\/v2\/posts"}],"about":[{"href":"http:\/\/www.muricionline.com.br\/novo\/index.php?rest_route=\/wp\/v2\/types\/post"}],"author":[{"embeddable":true,"href":"http:\/\/www.muricionline.com.br\/novo\/index.php?rest_route=\/wp\/v2\/users\/1"}],"replies":[{"embeddable":true,"href":"http:\/\/www.muricionline.com.br\/novo\/index.php?rest_route=%2Fwp%2Fv2%2Fcomments&post=20987"}],"version-history":[{"count":1,"href":"http:\/\/www.muricionline.com.br\/novo\/index.php?rest_route=\/wp\/v2\/posts\/20987\/revisions"}],"predecessor-version":[{"id":20989,"href":"http:\/\/www.muricionline.com.br\/novo\/index.php?rest_route=\/wp\/v2\/posts\/20987\/revisions\/20989"}],"wp:featuredmedia":[{"embeddable":true,"href":"http:\/\/www.muricionline.com.br\/novo\/index.php?rest_route=\/wp\/v2\/media\/20988"}],"wp:attachment":[{"href":"http:\/\/www.muricionline.com.br\/novo\/index.php?rest_route=%2Fwp%2Fv2%2Fmedia&parent=20987"}],"wp:term":[{"taxonomy":"category","embeddable":true,"href":"http:\/\/www.muricionline.com.br\/novo\/index.php?rest_route=%2Fwp%2Fv2%2Fcategories&post=20987"},{"taxonomy":"post_tag","embeddable":true,"href":"http:\/\/www.muricionline.com.br\/novo\/index.php?rest_route=%2Fwp%2Fv2%2Ftags&post=20987"}],"curies":[{"name":"wp","href":"https:\/\/api.w.org\/{rel}","templated":true}]}}