{"id":20990,"date":"2023-07-25T15:05:37","date_gmt":"2023-07-25T18:05:37","guid":{"rendered":"http:\/\/www.muricionline.com.br\/novo\/?p=20990"},"modified":"2023-07-25T15:05:37","modified_gmt":"2023-07-25T18:05:37","slug":"prefeito-de-branquinha-anuncia-reconstrucao-da-ponte-sobre-o-rio-mundau","status":"publish","type":"post","link":"http:\/\/www.muricionline.com.br\/novo\/?p=20990","title":{"rendered":"Prefeito de Branquinha anuncia reconstru\u00e7\u00e3o da ponte sobre o Rio Munda\u00fa"},"content":{"rendered":"<p>Por meio das suas redes sociais, o prefeito de Branquinha, Neno Freitas, anunciou nesta ter\u00e7a-feira (25), que a ponte sobre o Rio Munda\u00fa ser\u00e1 reconstru\u00edda. Afetada pela enchente de 2022, desde ent\u00e3o, o gestor tem buscado junto aos \u00f3rg\u00e3os competentes, a uni\u00e3o de esfor\u00e7os para a recupera\u00e7\u00e3o da estrutura, que totalmente comprometida, tem causado diversos transtornos a quem mora do outro lado do rio.<\/p>\n<p>\u201cNo \u00faltimo s\u00e1bado (22), recebi uma liga\u00e7\u00e3o do deputado federal Isnaldo Bulh\u00f5es e do Governador Paulo Dantas, assegurando a reconstru\u00e7\u00e3o da ponte. Desde o ano passado, lutamos para que essa obra inicie e seja conclu\u00edda com a urg\u00eancia necess\u00e1ria; agrade\u00e7o a esses parceiros do nosso munic\u00edpio, e tamb\u00e9m ao deputado estadual Remi Calheiros e ao Ministro dos Transportes, Renan Filho, pelo apoio necess\u00e1rio a essa demanda priorit\u00e1ria para a nossa Branquinha. Vamos tentar agilizar os tr\u00e2mites burocr\u00e1ticos para que os servi\u00e7os comecem o quanto antes\u201d, anunciou o gestor.<\/p>\n<p>_Enchente 2023_<\/p>\n<p>No \u00faltimo dia 7 de julho, pelo segundo ano consecutivo, o munic\u00edpio enfrentou mais uma enchente. Mesmo em menores propor\u00e7\u00f5es que o ano de 2022, a prefeitura que decretou situa\u00e7\u00e3o de emerg\u00eancia, tem intensificado os servi\u00e7os de recupera\u00e7\u00e3o do cal\u00e7amento; das cal\u00e7adas, da ilumina\u00e7\u00e3o p\u00fablica e dos acessos \u00e0 zona rural que foram duramente afetados pelas fortes chuvas; al\u00e9m de ofertar todo o suporte e aux\u00edlio \u00e0s fam\u00edlias que tamb\u00e9m foram atingidas.<\/p>\n<p>&nbsp;<\/p>\n<p>Com Assessoria&nbsp;<\/p>\n<span style=\"clear:both;display:none;\"><img src=\"http:\/\/www.muricionline.com.br\/novo\/wp-content\/plugins\/wp-spamfree\/img\/wpsf-img.php\" width=\"0\" height=\"0\" alt=\"\" style=\"border-style:none;width:0px;height:0px;display:none;\" \/><\/span>","protected":false},"excerpt":{"rendered":"<p>Por meio das suas redes sociais, o prefeito de Branquinha, Neno Freitas, anunciou nesta ter\u00e7a-feira (25), que a ponte sobre o Rio Munda\u00fa ser\u00e1 reconstru\u00edda. Afetada pela enchente de 2022, desde ent\u00e3o, o gestor tem buscado junto aos \u00f3rg\u00e3os competentes, a uni\u00e3o de esfor\u00e7os para a recupera\u00e7\u00e3o da estrutura, que totalmente comprometida, tem causado diversos&#8230;<\/p>\n","protected":false},"author":1,"featured_media":20992,"comment_status":"open","ping_status":"open","sticky":false,"template":"","format":"standard","meta":{"footnotes":""},"categories":[1],"tags":[],"_links":{"self":[{"href":"http:\/\/www.muricionline.com.br\/novo\/index.php?rest_route=\/wp\/v2\/posts\/20990"}],"collection":[{"href":"http:\/\/www.muricionline.com.br\/novo\/index.php?rest_route=\/wp\/v2\/posts"}],"about":[{"href":"http:\/\/www.muricionline.com.br\/novo\/index.php?rest_route=\/wp\/v2\/types\/post"}],"author":[{"embeddable":true,"href":"http:\/\/www.muricionline.com.br\/novo\/index.php?rest_route=\/wp\/v2\/users\/1"}],"replies":[{"embeddable":true,"href":"http:\/\/www.muricionline.com.br\/novo\/index.php?rest_route=%2Fwp%2Fv2%2Fcomments&post=20990"}],"version-history":[{"count":1,"href":"http:\/\/www.muricionline.com.br\/novo\/index.php?rest_route=\/wp\/v2\/posts\/20990\/revisions"}],"predecessor-version":[{"id":20993,"href":"http:\/\/www.muricionline.com.br\/novo\/index.php?rest_route=\/wp\/v2\/posts\/20990\/revisions\/20993"}],"wp:featuredmedia":[{"embeddable":true,"href":"http:\/\/www.muricionline.com.br\/novo\/index.php?rest_route=\/wp\/v2\/media\/20992"}],"wp:attachment":[{"href":"http:\/\/www.muricionline.com.br\/novo\/index.php?rest_route=%2Fwp%2Fv2%2Fmedia&parent=20990"}],"wp:term":[{"taxonomy":"category","embeddable":true,"href":"http:\/\/www.muricionline.com.br\/novo\/index.php?rest_route=%2Fwp%2Fv2%2Fcategories&post=20990"},{"taxonomy":"post_tag","embeddable":true,"href":"http:\/\/www.muricionline.com.br\/novo\/index.php?rest_route=%2Fwp%2Fv2%2Ftags&post=20990"}],"curies":[{"name":"wp","href":"https:\/\/api.w.org\/{rel}","templated":true}]}}