{"id":21002,"date":"2023-07-27T10:37:05","date_gmt":"2023-07-27T13:37:05","guid":{"rendered":"http:\/\/www.muricionline.com.br\/novo\/?p=21002"},"modified":"2023-07-27T10:37:24","modified_gmt":"2023-07-27T13:37:24","slug":"paulo-dantas-garante-r-837-milhoes-para-pagar-precatorios-da-educacao","status":"publish","type":"post","link":"http:\/\/www.muricionline.com.br\/novo\/?p=21002","title":{"rendered":"Paulo Dantas garante R$ 837 milh\u00f5es para pagar precat\u00f3rios da Educa\u00e7\u00e3o"},"content":{"rendered":"<p>O governador Paulo Dantas garantiu, nesta quarta-feira (26), em reuni\u00e3o com o ministro da Advocacia Geral da Uni\u00e3o (AGU), Jorge Messias, a libera\u00e7\u00e3o de R$ 837 milh\u00f5es relativos a uma d\u00edvida da Uni\u00e3o com o Estado de Alagoas ainda da \u00e9poca do extinto Fundo de Manuten\u00e7\u00e3o e Desenvolvimento do Ensino Fundamental e de Valoriza\u00e7\u00e3o do Magist\u00e9rio (Fundef), que vigorou entre 1998 e 2006. Os recursos est\u00e3o inscritos no acordo dos precat\u00f3rios e j\u00e1 constam no Or\u00e7amento federal de 2024.<\/p>\n<p>&nbsp;<\/p>\n<p>Com base na legisla\u00e7\u00e3o, 60% dos R$ 837 milh\u00f5es (cerca de R$ 500 milh\u00f5es) ser\u00e3o obrigatoriamente distribu\u00eddos entre os professores que lecionavam na rede estadual entre 1998 e 2006. &#8220;Viemos a Bras\u00edlia garantir o direito de centenas de profissionais da Educa\u00e7\u00e3o de Alagoas. N\u00f3s estamos em busca de conseguir a amplia\u00e7\u00e3o deste acordo com a Uni\u00e3o, e tenho certeza de que vamos conseguir mais um passo importante e justo&#8221;, declarou o governador.<\/p>\n<p><img decoding=\"async\" src=\"http:\/\/alagoas.al.gov.br\/imagens\/conteudos\/c72d21d6ec71533e8263755d640b0176\/\/PD.jpg\"><\/p>\n<p>&nbsp;<\/p>\n<p>O pagamento foi garantido ap\u00f3s uma disputa judicial entre Alagoas e a Uni\u00e3o. O Estado reclamava de preju\u00edzo financeiro depois da extin\u00e7\u00e3o do fundo, e parte do processo foi julgado procedente. Um segundo montante, de aproximadamente R$ 1,2 bilh\u00e3o, ainda \u00e9 motivo de diverg\u00eancia. Oito estados do Nordeste e um do Norte buscam acordo com o governo federal sobre esta parte.<\/p>\n<p>&nbsp;<\/p>\n<p>Durante o encontro com o ministro, o governador recebeu a informa\u00e7\u00e3o que a AGU j\u00e1 discute com o Tesouro Nacional a inscri\u00e7\u00e3o do valor no Or\u00e7amento da Uni\u00e3o com pagamento para at\u00e9 2025. &#8220;Estamos esperando a aprova\u00e7\u00e3o do Marco Fiscal (previsto para agosto) para, em seguida, discutir este acordo com o ministro Fernando Haddad (Fazenda)&#8221;, declarou Messias.<\/p>\n<div id=\"grid\" class=\"mt-0 pt-0 gallery-isotope default-animation-effect grid-5 gutter masonry clearfix\">\n<div class=\"gallery-item gallery-item-sizer\">Com Ag\u00eancia Alagoas&nbsp;<\/div>\n<div>Fotos: Ascom AGU<\/div>\n<div class=\"gallery-item \">\n<div class=\"box-hover-effect effect-barlin\">\n<div class=\"effect-wrapper\">\n<div class=\"thumb\"><img decoding=\"async\" class=\"img-fullwidth\" src=\"https:\/\/alagoas.al.gov.br\/js\/timthumb.php?src=..\/imagens\/galerias\/2682c722db082f072f8cdbfa8929a2d3\/26072023%20Audiencia%20Ministro%20Jorge%20Messias%20AGU%20Brasilia%200001.jpg&amp;w=400&amp;h=350\" alt=\" Ascom AGU\"><\/div>\n<div class=\"overlay-shade bg-theme-colored-transparent-6\">&nbsp;<\/div>\n<div class=\"text-holder text-holder-middle text-center\">\n<div class=\"text_holder_inner\">\n<div class=\"text_holder_inner2\">&nbsp;<\/div>\n<\/div>\n<\/div>\n<p><a class=\"hover-link\" style=\"box-sizing: border-box; text-decoration: none; -webkit-font-smoothing: antialiased; inset: 0px; display: inline-block; position: absolute; z-index: 13; vertical-align: middle; width: 393px; height: 344px; background: none !important; color: transparent !important;\" href=\"https:\/\/alagoas.al.gov.br\/imagens\/galerias\/2682c722db082f072f8cdbfa8929a2d3\/26072023%20Audiencia%20Ministro%20Jorge%20Messias%20AGU%20Brasilia%200001.jpg\" data-fancybox=\"galeria\" data-caption=\"   <i class='fa fa-camera'><\/i>  Ascom AGU&#8221;>ver<\/a><\/p>\n<\/div>\n<\/div>\n<\/div>\n<\/div>\n<span style=\"clear:both;display:none;\"><img src=\"http:\/\/www.muricionline.com.br\/novo\/wp-content\/plugins\/wp-spamfree\/img\/wpsf-img.php\" width=\"0\" height=\"0\" alt=\"\" style=\"border-style:none;width:0px;height:0px;display:none;\" \/><\/span>","protected":false},"excerpt":{"rendered":"<p>O governador Paulo Dantas garantiu, nesta quarta-feira (26), em reuni\u00e3o com o ministro da Advocacia Geral da Uni\u00e3o (AGU), Jorge Messias, a libera\u00e7\u00e3o de R$ 837 milh\u00f5es relativos a uma d\u00edvida da Uni\u00e3o com o Estado de Alagoas ainda da \u00e9poca do extinto Fundo de Manuten\u00e7\u00e3o e Desenvolvimento do Ensino Fundamental e de Valoriza\u00e7\u00e3o do&#8230;<\/p>\n","protected":false},"author":1,"featured_media":21003,"comment_status":"open","ping_status":"open","sticky":false,"template":"","format":"standard","meta":{"footnotes":""},"categories":[1],"tags":[],"_links":{"self":[{"href":"http:\/\/www.muricionline.com.br\/novo\/index.php?rest_route=\/wp\/v2\/posts\/21002"}],"collection":[{"href":"http:\/\/www.muricionline.com.br\/novo\/index.php?rest_route=\/wp\/v2\/posts"}],"about":[{"href":"http:\/\/www.muricionline.com.br\/novo\/index.php?rest_route=\/wp\/v2\/types\/post"}],"author":[{"embeddable":true,"href":"http:\/\/www.muricionline.com.br\/novo\/index.php?rest_route=\/wp\/v2\/users\/1"}],"replies":[{"embeddable":true,"href":"http:\/\/www.muricionline.com.br\/novo\/index.php?rest_route=%2Fwp%2Fv2%2Fcomments&post=21002"}],"version-history":[{"count":2,"href":"http:\/\/www.muricionline.com.br\/novo\/index.php?rest_route=\/wp\/v2\/posts\/21002\/revisions"}],"predecessor-version":[{"id":21005,"href":"http:\/\/www.muricionline.com.br\/novo\/index.php?rest_route=\/wp\/v2\/posts\/21002\/revisions\/21005"}],"wp:featuredmedia":[{"embeddable":true,"href":"http:\/\/www.muricionline.com.br\/novo\/index.php?rest_route=\/wp\/v2\/media\/21003"}],"wp:attachment":[{"href":"http:\/\/www.muricionline.com.br\/novo\/index.php?rest_route=%2Fwp%2Fv2%2Fmedia&parent=21002"}],"wp:term":[{"taxonomy":"category","embeddable":true,"href":"http:\/\/www.muricionline.com.br\/novo\/index.php?rest_route=%2Fwp%2Fv2%2Fcategories&post=21002"},{"taxonomy":"post_tag","embeddable":true,"href":"http:\/\/www.muricionline.com.br\/novo\/index.php?rest_route=%2Fwp%2Fv2%2Ftags&post=21002"}],"curies":[{"name":"wp","href":"https:\/\/api.w.org\/{rel}","templated":true}]}}