{"id":21006,"date":"2023-07-28T08:08:44","date_gmt":"2023-07-28T11:08:44","guid":{"rendered":"http:\/\/www.muricionline.com.br\/novo\/?p=21006"},"modified":"2023-07-28T08:08:44","modified_gmt":"2023-07-28T11:08:44","slug":"assistencia-social-de-santana-do-mundau-realiza-10a-conferencia","status":"publish","type":"post","link":"http:\/\/www.muricionline.com.br\/novo\/?p=21006","title":{"rendered":"Assist\u00eancia Social de Santana do Munda\u00fa realiza 10\u00aa Confer\u00eancia"},"content":{"rendered":"<p>A Secretaria de Assist\u00eancia Social de Santana do Munda\u00fa realizou, nesta quinta-feira (27), a 10\u00aa Confer\u00eancia Municipal de Assist\u00eancia Social. Com o tema: \u201cReconstru\u00e7\u00e3o do SUAS: o SUAS que temos e o SUAS que queremos\u201d, o evento reuniu o vice-presidente, Jos\u00e9 Cl\u00e1udio Vital, e Clementina Correia, representando o Conselho Estadual de Assist\u00eancia Social; a presidente do Conselho Municipal de Assist\u00eancia Social, Marciana da Silva; conselheiros da Assist\u00eancia Social; conselheiros tutelares; servidores da Secretaria de Sa\u00fade; al\u00e9m de representantes das igrejas cat\u00f3licas e evang\u00e9licas.<\/p>\n<p>Ao lado da primeira-dama, Katherine Farias, a titular da pasta, secret\u00e1ria Lidiane Pimentel, destacou que o encontro acontece para que o munic\u00edpio avalie a pol\u00edtica de assist\u00eancia social e defina diretrizes para o aprimoramento do Sistema \u00danico de Assist\u00eancia Social (SUAS).<\/p>\n<p>\u201cA Assist\u00eancia Social do nosso munic\u00edpio tem trabalhado muito para garantir os direitos das pessoas que necessitam da aten\u00e7\u00e3o e dos cuidados socioassistenciais ofertados pelo poder p\u00fablico. Com a participa\u00e7\u00e3o de diversos representantes da sociedade, a confer\u00eancia foi realizada para fortalecer esse atendimento e garantir um SUAS forte, que acolhe e atende a popula\u00e7\u00e3o mundauense\u201d, completou.<\/p>\n<span style=\"clear:both;display:none;\"><img src=\"http:\/\/www.muricionline.com.br\/novo\/wp-content\/plugins\/wp-spamfree\/img\/wpsf-img.php\" width=\"0\" height=\"0\" alt=\"\" style=\"border-style:none;width:0px;height:0px;display:none;\" \/><\/span>","protected":false},"excerpt":{"rendered":"<p>A Secretaria de Assist\u00eancia Social de Santana do Munda\u00fa realizou, nesta quinta-feira (27), a 10\u00aa Confer\u00eancia Municipal de Assist\u00eancia Social. Com o tema: \u201cReconstru\u00e7\u00e3o do SUAS: o SUAS que temos e o SUAS que queremos\u201d, o evento reuniu o vice-presidente, Jos\u00e9 Cl\u00e1udio Vital, e Clementina Correia, representando o Conselho Estadual de Assist\u00eancia Social; a presidente&#8230;<\/p>\n","protected":false},"author":1,"featured_media":21008,"comment_status":"open","ping_status":"open","sticky":false,"template":"","format":"standard","meta":{"footnotes":""},"categories":[1],"tags":[5],"_links":{"self":[{"href":"http:\/\/www.muricionline.com.br\/novo\/index.php?rest_route=\/wp\/v2\/posts\/21006"}],"collection":[{"href":"http:\/\/www.muricionline.com.br\/novo\/index.php?rest_route=\/wp\/v2\/posts"}],"about":[{"href":"http:\/\/www.muricionline.com.br\/novo\/index.php?rest_route=\/wp\/v2\/types\/post"}],"author":[{"embeddable":true,"href":"http:\/\/www.muricionline.com.br\/novo\/index.php?rest_route=\/wp\/v2\/users\/1"}],"replies":[{"embeddable":true,"href":"http:\/\/www.muricionline.com.br\/novo\/index.php?rest_route=%2Fwp%2Fv2%2Fcomments&post=21006"}],"version-history":[{"count":1,"href":"http:\/\/www.muricionline.com.br\/novo\/index.php?rest_route=\/wp\/v2\/posts\/21006\/revisions"}],"predecessor-version":[{"id":21007,"href":"http:\/\/www.muricionline.com.br\/novo\/index.php?rest_route=\/wp\/v2\/posts\/21006\/revisions\/21007"}],"wp:featuredmedia":[{"embeddable":true,"href":"http:\/\/www.muricionline.com.br\/novo\/index.php?rest_route=\/wp\/v2\/media\/21008"}],"wp:attachment":[{"href":"http:\/\/www.muricionline.com.br\/novo\/index.php?rest_route=%2Fwp%2Fv2%2Fmedia&parent=21006"}],"wp:term":[{"taxonomy":"category","embeddable":true,"href":"http:\/\/www.muricionline.com.br\/novo\/index.php?rest_route=%2Fwp%2Fv2%2Fcategories&post=21006"},{"taxonomy":"post_tag","embeddable":true,"href":"http:\/\/www.muricionline.com.br\/novo\/index.php?rest_route=%2Fwp%2Fv2%2Ftags&post=21006"}],"curies":[{"name":"wp","href":"https:\/\/api.w.org\/{rel}","templated":true}]}}