{"id":21012,"date":"2023-07-30T08:54:20","date_gmt":"2023-07-30T11:54:20","guid":{"rendered":"http:\/\/www.muricionline.com.br\/novo\/?p=21012"},"modified":"2023-07-30T08:54:20","modified_gmt":"2023-07-30T11:54:20","slug":"inauguracoes-e-shows-com-publico-recorde-marcaram-os-137-anos-de-emancipacao-de-sao-jose-da-laje","status":"publish","type":"post","link":"http:\/\/www.muricionline.com.br\/novo\/?p=21012","title":{"rendered":"Inaugura\u00e7\u00f5es e shows com p\u00fablico recorde marcaram os 137 anos de Emancipa\u00e7\u00e3o de S\u00e3o Jos\u00e9 da Laje"},"content":{"rendered":"<p>A prefeita Angela Vanessa inaugurou importantes obras para o munic\u00edpio<\/p>\n<p>Uma das cidades que mais cresceu na zona da mata de Alagoas nos \u00faltimos &nbsp;anos, S\u00e3o Jos\u00e9 da Laje completou, nesta sexta-feira, 28 de julho, 137 anos.<\/p>\n<p>Os lajenses vivem uma \u00f3tima realidade, uma cidade que se desenvolve a cada dia, uma administra\u00e7\u00e3o pautada no progresso avassalador. E nesse 137\u00ba anivers\u00e1rio, a prefeita Angela Vanessa inaugurou importantes e fundamentais equipamentos p\u00fablicos nas mais diversas \u00e1reas.<\/p>\n<p>Na Educa\u00e7\u00e3o, a Gest\u00e3o Municipal entregou uma nova Creche que atender\u00e1 cerca de 100 crian\u00e7as do bairro Tijuca, Novo Tijuca e \u00e1reas vizinhas, a Creche Escola Maria de F\u00e1tima Martins &nbsp;totalmente moderna e equipada, tamb\u00e9m para a 3\u00aa melhor &nbsp;Educa\u00e7\u00e3o de Alagoas, &nbsp;a prefeita Angela Vanessa inaugurou a Escola de M\u00fasica e o Centro de Forma\u00e7\u00e3o Profissional Prof\u00aa Marta Arruda, um espa\u00e7o moderno que conta toda estrutura para a oferta de cursos para a comunidade.<\/p>\n<p>As atividades alusivas aos 137 anos de Emancipa\u00e7\u00e3o aconteceram durante toda a semana, e a prefeita Angela Vanessa juntamente com o vice-prefeito Dr. Junior, o secret\u00e1rio de rela\u00e7\u00f5es institucionais Neno da Laje, o ex-prefeito e suplente de Deputado Federal Rodrigo Valen\u00e7a inauguraram a nova sede da Secretaria Municipal de Agricultura entregando aos piscicultores mais de 25 mil alevinos, entregou cerca de 9 mil m\u00b2 de pavimenta\u00e7\u00e3o e drenagem do Conj. Armando Lyra, na \u00e1rea da Sa\u00fade foi inaugurada a Casa de Sa\u00fade da Mulher Maria Jos\u00e9 da Silva (Zez\u00e9 Paulino), um moderno centro de sa\u00fade repleto de especialidades exclusivas para atender as mulheres lajenses, citologia, psic\u00f3logos, ginecologista, mamografias, tratamentos odontol\u00f3gicos entre outros.<\/p>\n<p>Organiza\u00e7\u00e3o financeira, transpar\u00eancia e compromisso a prefeita Angela Vanessa mant\u00e9m os sal\u00e1rios em dia, precat\u00f3rios pagos e entregou obras importantes e executadas com recursos pr\u00f3prios.<\/p>\n<p>E na Pra\u00e7a de Eventos Valmir Amorim de Almeida J\u00fanior foi montada uma mega estrutura para os &nbsp;shows musicais que animaram a noite agradabil\u00edssima em S\u00e3o Jos\u00e9 da Laje, cerca de 12 mil pessoas &nbsp;impulsionaram os 137 anos da Princesa das Fronteiras, um p\u00fablico recorde e de toda regi\u00e3o que curtiram os shows do Poeta Dorgival Dantas e o fen\u00f4meno do momento Iguinho e Lulinha<\/p>\n<p>A anfitri\u00e3 dos 137 anos de S\u00e3o Jos\u00e9 da Laje a prefeita Angela Vanessa comentou sobre as inaugura\u00e7\u00f5es e os avan\u00e7os da cidade que mais de desenvolve na regi\u00e3o. \u201cCom o cora\u00e7\u00e3o cheio de alegria e orgulho estamos comemorando 137 anos, com importantes entregas, na Sa\u00fade, na Infraestrutura e Educa\u00e7\u00e3o, foram dias de muita felicidade com uma vasta programa\u00e7\u00e3o, \u00e9 importante salientar que todas as obras foram com recursos pr\u00f3prios, com trabalhadores da cidade, gerando assim mais emprego e renda para as fam\u00edlias lajenses, al\u00e9m disso todo o turismo foi potencializado com o Encontro dos Jeepeiros, &nbsp;e a mega noite com os shows de Dorgival Dantas e Iguinho e Lulinha onde recebemos um p\u00fablico recorde na pra\u00e7a de eventos, hoje estamos finalizando as comemora\u00e7\u00f5es com o VIII Encontro de Bandas Fanfarras de cidades de toda regi\u00e3o. Dever cumprido e amor por nossa gente esses s\u00e3o os sentimentos que preenchem &nbsp;meu cora\u00e7\u00e3o nesse momento, parab\u00e9ns S\u00e3o Jos\u00e9 da Laje, vamos continuar trabalhando para desenvolver ainda mais nossa cidade.\u201d Finalizou Angela Vanessa, prefeita de S\u00e3o Jos\u00e9 da Laje.<\/p>\n<p>&nbsp;<\/p>\n<p>Com Assessoria&nbsp;<\/p>\n<div id='gallery-1' class='gallery galleryid-21012 gallery-columns-3 gallery-size-thumbnail'><figure class='gallery-item'>\n\t\t\t<div class='gallery-icon landscape'>\n\t\t\t\t<a href='http:\/\/www.muricionline.com.br\/novo\/?attachment_id=21014'><img loading=\"lazy\" decoding=\"async\" width=\"80\" height=\"80\" src=\"http:\/\/www.muricionline.com.br\/novo\/wp-content\/uploads\/2023\/07\/ddb060cd-0d16-498e-beee-5490df5bb35b-150x150.jpeg\" class=\"attachment-thumbnail size-thumbnail\" alt=\"\" \/><\/a>\n\t\t\t<\/div><\/figure><figure class='gallery-item'>\n\t\t\t<div class='gallery-icon landscape'>\n\t\t\t\t<a href='http:\/\/www.muricionline.com.br\/novo\/?attachment_id=21015'><img loading=\"lazy\" decoding=\"async\" width=\"80\" height=\"80\" src=\"http:\/\/www.muricionline.com.br\/novo\/wp-content\/uploads\/2023\/07\/cd404624-6b4a-485e-9334-9acf9e4e7d58-150x150.jpeg\" class=\"attachment-thumbnail size-thumbnail\" alt=\"\" \/><\/a>\n\t\t\t<\/div><\/figure><figure class='gallery-item'>\n\t\t\t<div class='gallery-icon landscape'>\n\t\t\t\t<a href='http:\/\/www.muricionline.com.br\/novo\/?attachment_id=21016'><img loading=\"lazy\" decoding=\"async\" width=\"80\" height=\"80\" src=\"http:\/\/www.muricionline.com.br\/novo\/wp-content\/uploads\/2023\/07\/e3ccf316-a668-48b8-9151-64fbd52740e6-150x150.jpeg\" class=\"attachment-thumbnail size-thumbnail\" alt=\"\" \/><\/a>\n\t\t\t<\/div><\/figure><figure class='gallery-item'>\n\t\t\t<div class='gallery-icon landscape'>\n\t\t\t\t<a href='http:\/\/www.muricionline.com.br\/novo\/?attachment_id=21017'><img loading=\"lazy\" decoding=\"async\" width=\"80\" height=\"80\" src=\"http:\/\/www.muricionline.com.br\/novo\/wp-content\/uploads\/2023\/07\/2c39888c-ed23-4cac-bf3b-8403623b56bf-150x150.jpeg\" class=\"attachment-thumbnail size-thumbnail\" alt=\"\" \/><\/a>\n\t\t\t<\/div><\/figure><figure class='gallery-item'>\n\t\t\t<div class='gallery-icon landscape'>\n\t\t\t\t<a href='http:\/\/www.muricionline.com.br\/novo\/?attachment_id=21018'><img loading=\"lazy\" decoding=\"async\" width=\"80\" height=\"80\" src=\"http:\/\/www.muricionline.com.br\/novo\/wp-content\/uploads\/2023\/07\/a653089b-d901-4fe2-9499-3f927bfaf758-150x150.jpeg\" class=\"attachment-thumbnail size-thumbnail\" alt=\"\" \/><\/a>\n\t\t\t<\/div><\/figure><figure class='gallery-item'>\n\t\t\t<div class='gallery-icon landscape'>\n\t\t\t\t<a href='http:\/\/www.muricionline.com.br\/novo\/?attachment_id=21013'><img loading=\"lazy\" decoding=\"async\" width=\"80\" height=\"80\" src=\"http:\/\/www.muricionline.com.br\/novo\/wp-content\/uploads\/2023\/07\/7facb582-e5e8-4745-86bc-7e4989596b4b-150x150.jpeg\" class=\"attachment-thumbnail size-thumbnail\" alt=\"\" \/><\/a>\n\t\t\t<\/div><\/figure>\n\t\t<\/div>\n\n<span style=\"clear:both;display:none;\"><img src=\"http:\/\/www.muricionline.com.br\/novo\/wp-content\/plugins\/wp-spamfree\/img\/wpsf-img.php\" width=\"0\" height=\"0\" alt=\"\" style=\"border-style:none;width:0px;height:0px;display:none;\" \/><\/span>","protected":false},"excerpt":{"rendered":"<p>A prefeita Angela Vanessa inaugurou importantes obras para o munic\u00edpio Uma das cidades que mais cresceu na zona da mata de Alagoas nos \u00faltimos &nbsp;anos, S\u00e3o Jos\u00e9 da Laje completou, nesta sexta-feira, 28 de julho, 137 anos. Os lajenses vivem uma \u00f3tima realidade, uma cidade que se desenvolve a cada dia, uma administra\u00e7\u00e3o pautada no&#8230;<\/p>\n","protected":false},"author":1,"featured_media":21013,"comment_status":"open","ping_status":"open","sticky":false,"template":"","format":"standard","meta":{"footnotes":""},"categories":[1],"tags":[5],"_links":{"self":[{"href":"http:\/\/www.muricionline.com.br\/novo\/index.php?rest_route=\/wp\/v2\/posts\/21012"}],"collection":[{"href":"http:\/\/www.muricionline.com.br\/novo\/index.php?rest_route=\/wp\/v2\/posts"}],"about":[{"href":"http:\/\/www.muricionline.com.br\/novo\/index.php?rest_route=\/wp\/v2\/types\/post"}],"author":[{"embeddable":true,"href":"http:\/\/www.muricionline.com.br\/novo\/index.php?rest_route=\/wp\/v2\/users\/1"}],"replies":[{"embeddable":true,"href":"http:\/\/www.muricionline.com.br\/novo\/index.php?rest_route=%2Fwp%2Fv2%2Fcomments&post=21012"}],"version-history":[{"count":1,"href":"http:\/\/www.muricionline.com.br\/novo\/index.php?rest_route=\/wp\/v2\/posts\/21012\/revisions"}],"predecessor-version":[{"id":21019,"href":"http:\/\/www.muricionline.com.br\/novo\/index.php?rest_route=\/wp\/v2\/posts\/21012\/revisions\/21019"}],"wp:featuredmedia":[{"embeddable":true,"href":"http:\/\/www.muricionline.com.br\/novo\/index.php?rest_route=\/wp\/v2\/media\/21013"}],"wp:attachment":[{"href":"http:\/\/www.muricionline.com.br\/novo\/index.php?rest_route=%2Fwp%2Fv2%2Fmedia&parent=21012"}],"wp:term":[{"taxonomy":"category","embeddable":true,"href":"http:\/\/www.muricionline.com.br\/novo\/index.php?rest_route=%2Fwp%2Fv2%2Fcategories&post=21012"},{"taxonomy":"post_tag","embeddable":true,"href":"http:\/\/www.muricionline.com.br\/novo\/index.php?rest_route=%2Fwp%2Fv2%2Ftags&post=21012"}],"curies":[{"name":"wp","href":"https:\/\/api.w.org\/{rel}","templated":true}]}}