{"id":21020,"date":"2023-08-01T08:05:03","date_gmt":"2023-08-01T11:05:03","guid":{"rendered":"http:\/\/www.muricionline.com.br\/novo\/?p=21020"},"modified":"2023-08-01T08:05:03","modified_gmt":"2023-08-01T11:05:03","slug":"secult-alagoas-convoca-municipios-alagoanos-para-i-encontro-nacional-de-gestores-de-cultura","status":"publish","type":"post","link":"http:\/\/www.muricionline.com.br\/novo\/?p=21020","title":{"rendered":"Secult Alagoas convoca munic\u00edpios alagoanos para I Encontro Nacional de Gestores de Cultura"},"content":{"rendered":"<p>O F\u00f3rum Nacional de Secret\u00e1rios e Dirigentes Estaduais de Cultura e F\u00f3rum Nacional de Secret\u00e1rios e Gestores de Cultura das Capitais e Munic\u00edpios Associados realizar\u00e3o nos dias 14 e 15 de agosto, o I Encontro Nacional de Gestores da Cultura, que acontece na Universidade Federal do Esp\u00edrito Santo, localizada na cidade de Vit\u00f3ria.<\/p>\n<p>&nbsp;<\/p>\n<p>&nbsp;O Governo de Alagoas, atrav\u00e9s da Secretaria de Estado da Cultura e Economia Criativa (Secult), est\u00e1 convocando todos os munic\u00edpios do Estado para participarem do evento gratuito, que reunir\u00e1 gestores culturais de todo o pa\u00eds, com o objetivo promover o di\u00e1logo, a troca de experi\u00eancias, o fortalecimento cultural em \u00e2mbito local e nacional nesse novo tempo de pol\u00edticas p\u00fablicas de cultura no Brasil.<\/p>\n<p>&nbsp;<\/p>\n<p>&nbsp;Com a participa\u00e7\u00e3o neste encontro, a Secult busca incentivar, discutir desafios comuns e alinhar estrat\u00e9gias para o desenvolvimento e valoriza\u00e7\u00e3o da cultura alagoana. A participa\u00e7\u00e3o dos munic\u00edpios nesse evento \u00e9 fundamental para potencializar o cen\u00e1rio cultural do estado e fortalecer os la\u00e7os entre gestores e entidades culturais, visando \u00e0 constru\u00e7\u00e3o conjunta de um ambiente cultural ainda mais din\u00e2mico e diversificado para todos os cidad\u00e3os.<\/p>\n<p>&nbsp;<\/p>\n<p>&nbsp;\u201cEsse encontro ser\u00e1 crucial para dialogar diretamente com o Minist\u00e9rio da Cultura, e juntos construirmos e promovermos discuss\u00f5es com um olhar voltado para o desenvolvimento de iniciativas culturais em Alagoas e no Brasil\u201d, disse a secret\u00e1ria de Estado da Cultura e Economia Criativa, Mellina Freitas.<\/p>\n<p>&nbsp;<\/p>\n<p>&nbsp;A gestora ressaltou a import\u00e2ncia dessa nova fase que o pa\u00eds vive na gest\u00e3o p\u00fablica cultural. \u201cEstamos vivenciando um momento \u00fanico no cen\u00e1rio cultural nacional, impulsionado pelas conquistas da Lei Paulo Gustavo, da Lei Aldir Blanc 2 e do retorno do Minist\u00e9rio da Cultura. Com esses avan\u00e7os, o Estado de Alagoas est\u00e1 preparado para receber esses recursos e fortalecer ainda mais o apoio \u00e0 cultura local nesse per\u00edodo.\u201d, disse Mellina.<\/p>\n<p>&nbsp;<\/p>\n<p>&nbsp;A programa\u00e7\u00e3o contar\u00e1 com aproximadamente 20 atividades, incluindo di\u00e1logos, palestras, minicursos e encontros tem\u00e1ticos voltados ao cen\u00e1rio cultural brasileiro. Al\u00e9m disso, esse evento pretende proporcionar o fortalecimento do avan\u00e7o das pautas culturais por meio dos treinamentos e trocas entre os gestores para as melhorias na pr\u00e1tica das pol\u00edticas culturais nacionais.<\/p>\n<p>&nbsp;<\/p>\n<p>&nbsp;Os servidores p\u00fablicos da \u00e1rea da cultura interessados em participar devem se inscrever atrav\u00e9s do site&nbsp;<a href=\"https:\/\/forumdecultura.org\/inscricoes\" target=\"_blank\" rel=\"noopener noreferrer\">https:\/\/forumdecultura.org\/inscricoes<\/a>.<\/p>\n<p>Com Ascom Secult&nbsp;<\/p>\n<p><a href=\"http:\/\/www.muricionline.com.br\/novo\/wp-content\/uploads\/2023\/08\/IMG_3672.png\"><img loading=\"lazy\" decoding=\"async\" class=\"aligncenter size-full wp-image-21022\" src=\"http:\/\/www.muricionline.com.br\/novo\/wp-content\/uploads\/2023\/08\/IMG_3672.png\" alt=\"\" width=\"1080\" height=\"1350\" srcset=\"http:\/\/www.muricionline.com.br\/novo\/wp-content\/uploads\/2023\/08\/IMG_3672.png 1080w, http:\/\/www.muricionline.com.br\/novo\/wp-content\/uploads\/2023\/08\/IMG_3672-200x250.png 200w, http:\/\/www.muricionline.com.br\/novo\/wp-content\/uploads\/2023\/08\/IMG_3672-768x960.png 768w, http:\/\/www.muricionline.com.br\/novo\/wp-content\/uploads\/2023\/08\/IMG_3672-320x400.png 320w\" sizes=\"(max-width: 1080px) 100vw, 1080px\" \/><\/a><\/p>\n<span style=\"clear:both;display:none;\"><img src=\"http:\/\/www.muricionline.com.br\/novo\/wp-content\/plugins\/wp-spamfree\/img\/wpsf-img.php\" width=\"0\" height=\"0\" alt=\"\" style=\"border-style:none;width:0px;height:0px;display:none;\" \/><\/span>","protected":false},"excerpt":{"rendered":"<p>O F\u00f3rum Nacional de Secret\u00e1rios e Dirigentes Estaduais de Cultura e F\u00f3rum Nacional de Secret\u00e1rios e Gestores de Cultura das Capitais e Munic\u00edpios Associados realizar\u00e3o nos dias 14 e 15 de agosto, o I Encontro Nacional de Gestores da Cultura, que acontece na Universidade Federal do Esp\u00edrito Santo, localizada na cidade de Vit\u00f3ria. &nbsp; &nbsp;O&#8230;<\/p>\n","protected":false},"author":1,"featured_media":21021,"comment_status":"open","ping_status":"open","sticky":false,"template":"","format":"standard","meta":{"footnotes":""},"categories":[1],"tags":[5],"_links":{"self":[{"href":"http:\/\/www.muricionline.com.br\/novo\/index.php?rest_route=\/wp\/v2\/posts\/21020"}],"collection":[{"href":"http:\/\/www.muricionline.com.br\/novo\/index.php?rest_route=\/wp\/v2\/posts"}],"about":[{"href":"http:\/\/www.muricionline.com.br\/novo\/index.php?rest_route=\/wp\/v2\/types\/post"}],"author":[{"embeddable":true,"href":"http:\/\/www.muricionline.com.br\/novo\/index.php?rest_route=\/wp\/v2\/users\/1"}],"replies":[{"embeddable":true,"href":"http:\/\/www.muricionline.com.br\/novo\/index.php?rest_route=%2Fwp%2Fv2%2Fcomments&post=21020"}],"version-history":[{"count":1,"href":"http:\/\/www.muricionline.com.br\/novo\/index.php?rest_route=\/wp\/v2\/posts\/21020\/revisions"}],"predecessor-version":[{"id":21023,"href":"http:\/\/www.muricionline.com.br\/novo\/index.php?rest_route=\/wp\/v2\/posts\/21020\/revisions\/21023"}],"wp:featuredmedia":[{"embeddable":true,"href":"http:\/\/www.muricionline.com.br\/novo\/index.php?rest_route=\/wp\/v2\/media\/21021"}],"wp:attachment":[{"href":"http:\/\/www.muricionline.com.br\/novo\/index.php?rest_route=%2Fwp%2Fv2%2Fmedia&parent=21020"}],"wp:term":[{"taxonomy":"category","embeddable":true,"href":"http:\/\/www.muricionline.com.br\/novo\/index.php?rest_route=%2Fwp%2Fv2%2Fcategories&post=21020"},{"taxonomy":"post_tag","embeddable":true,"href":"http:\/\/www.muricionline.com.br\/novo\/index.php?rest_route=%2Fwp%2Fv2%2Ftags&post=21020"}],"curies":[{"name":"wp","href":"https:\/\/api.w.org\/{rel}","templated":true}]}}