{"id":21024,"date":"2023-08-01T09:20:22","date_gmt":"2023-08-01T12:20:22","guid":{"rendered":"http:\/\/www.muricionline.com.br\/novo\/?p=21024"},"modified":"2023-08-01T09:20:22","modified_gmt":"2023-08-01T12:20:22","slug":"programa-matricula-premiada-e-lancado-para-combater-evasao-escolar-em-murici","status":"publish","type":"post","link":"http:\/\/www.muricionline.com.br\/novo\/?p=21024","title":{"rendered":"Programa Matr\u00edcula Premiada \u00e9 lan\u00e7ado para combater evas\u00e3o escolar em Murici"},"content":{"rendered":"<p>Na \u00faltima quinta-feira (27\/7), foi realizada a primeira edi\u00e7\u00e3o do \u201cPrograma Matr\u00edcula Premiada\u201d no munic\u00edpio de <a href=\"https:\/\/www.br104.com.br\/tag\/murici\/\"><strong>Murici<\/strong><\/a>, no interior de Alagoas. A a\u00e7\u00e3o, criada pela atual de <a href=\"https:\/\/www.br104.com.br\/tag\/olavo-neto\/\"><strong>Olavo Neto<\/strong><\/a>, tem como principal objetivo combater a evas\u00e3o escolar e manter as crian\u00e7as e adolescentes dentro das salas de aula, valorizando a educa\u00e7\u00e3o e buscando um futuro mais promissor para todos.<\/p>\n<p>A cerim\u00f4nia de lan\u00e7amento do programa contou com a presen\u00e7a de autoridades municipais, educadores, pais e alunos, todos entusiasmados com a iniciativa que visa fortalecer o compromisso com a educa\u00e7\u00e3o e contribuir para a forma\u00e7\u00e3o de cidad\u00e3os mais preparados para os desafios do mundo contempor\u00e2neo.<\/p>\n<p>Atrav\u00e9s do \u201cPrograma Matr\u00edcula Premiada\u201d, diversos alunos foram agraciados com pr\u00eamios como incentivo \u00e0 perman\u00eancia na escola. A administra\u00e7\u00e3o municipal enxerga a premia\u00e7\u00e3o como um est\u00edmulo adicional para que os estudantes reconhe\u00e7am a import\u00e2ncia de frequentar as aulas regularmente e se dediquem aos estudos.<\/p>\n<p data-fetch=\"true\">Durante a cerim\u00f4nia, o prefeito Olavo Neto destacou a import\u00e2ncia do programa para a comunidade educacional do munic\u00edpio: \u201cRefor\u00e7o aqui a import\u00e2ncia da educa\u00e7\u00e3o para o crescimento do nosso munic\u00edpio e para a constru\u00e7\u00e3o de uma sociedade mais justa! A educa\u00e7\u00e3o de Murici j\u00e1 foi transformada e seguirei firme com esse compromisso permanentemente\u201d.<\/p>\n<p>A evas\u00e3o escolar \u00e9 uma preocupa\u00e7\u00e3o constante para o munic\u00edpio, assim como para todo o pa\u00eds. O programa, al\u00e9m de estimular a perman\u00eancia dos alunos nas escolas, tamb\u00e9m visa conscientizar os pais e respons\u00e1veis sobre a import\u00e2ncia de apoiar os estudantes em sua jornada educacional.<\/p>\n<p>Atrav\u00e9s de parcerias com a iniciativa privada, a prefeitura conseguiu viabilizar os pr\u00eamios que s\u00e3o oferecidos aos alunos participantes do programa. Fog\u00f5es, geladeiras, microondas, tanquinhos e at\u00e9 motocicletas foram sorteadas, tornando a premia\u00e7\u00e3o ainda mais atrativa e alavancando o interesse dos jovens em participar ativamente do processo educacional.<\/p>\n<p data-fetch=\"true\">Com o compromisso permanente da gest\u00e3o municipal, o \u201cPrograma Matr\u00edcula Premiada\u201d se torna uma ferramenta importante no combate \u00e0 evas\u00e3o escolar e no fortalecimento da educa\u00e7\u00e3o de Murici. A expectativa \u00e9 de que a iniciativa traga resultados positivos a m\u00e9dio e longo prazo, refletindo em um munic\u00edpio mais desenvolvido, consciente e preparado para enfrentar os desafios do futuro.<\/p>\n<p data-fetch=\"true\">Por &nbsp;BR104 com Assessoria&nbsp;<\/p>\n<span style=\"clear:both;display:none;\"><img src=\"http:\/\/www.muricionline.com.br\/novo\/wp-content\/plugins\/wp-spamfree\/img\/wpsf-img.php\" width=\"0\" height=\"0\" alt=\"\" style=\"border-style:none;width:0px;height:0px;display:none;\" \/><\/span>","protected":false},"excerpt":{"rendered":"<p>Na \u00faltima quinta-feira (27\/7), foi realizada a primeira edi\u00e7\u00e3o do \u201cPrograma Matr\u00edcula Premiada\u201d no munic\u00edpio de Murici, no interior de Alagoas. A a\u00e7\u00e3o, criada pela atual de Olavo Neto, tem como principal objetivo combater a evas\u00e3o escolar e manter as crian\u00e7as e adolescentes dentro das salas de aula, valorizando a educa\u00e7\u00e3o e buscando um futuro&#8230;<\/p>\n","protected":false},"author":1,"featured_media":21025,"comment_status":"open","ping_status":"open","sticky":false,"template":"","format":"standard","meta":{"footnotes":""},"categories":[7,1],"tags":[5],"_links":{"self":[{"href":"http:\/\/www.muricionline.com.br\/novo\/index.php?rest_route=\/wp\/v2\/posts\/21024"}],"collection":[{"href":"http:\/\/www.muricionline.com.br\/novo\/index.php?rest_route=\/wp\/v2\/posts"}],"about":[{"href":"http:\/\/www.muricionline.com.br\/novo\/index.php?rest_route=\/wp\/v2\/types\/post"}],"author":[{"embeddable":true,"href":"http:\/\/www.muricionline.com.br\/novo\/index.php?rest_route=\/wp\/v2\/users\/1"}],"replies":[{"embeddable":true,"href":"http:\/\/www.muricionline.com.br\/novo\/index.php?rest_route=%2Fwp%2Fv2%2Fcomments&post=21024"}],"version-history":[{"count":1,"href":"http:\/\/www.muricionline.com.br\/novo\/index.php?rest_route=\/wp\/v2\/posts\/21024\/revisions"}],"predecessor-version":[{"id":21026,"href":"http:\/\/www.muricionline.com.br\/novo\/index.php?rest_route=\/wp\/v2\/posts\/21024\/revisions\/21026"}],"wp:featuredmedia":[{"embeddable":true,"href":"http:\/\/www.muricionline.com.br\/novo\/index.php?rest_route=\/wp\/v2\/media\/21025"}],"wp:attachment":[{"href":"http:\/\/www.muricionline.com.br\/novo\/index.php?rest_route=%2Fwp%2Fv2%2Fmedia&parent=21024"}],"wp:term":[{"taxonomy":"category","embeddable":true,"href":"http:\/\/www.muricionline.com.br\/novo\/index.php?rest_route=%2Fwp%2Fv2%2Fcategories&post=21024"},{"taxonomy":"post_tag","embeddable":true,"href":"http:\/\/www.muricionline.com.br\/novo\/index.php?rest_route=%2Fwp%2Fv2%2Ftags&post=21024"}],"curies":[{"name":"wp","href":"https:\/\/api.w.org\/{rel}","templated":true}]}}