{"id":21030,"date":"2023-08-01T09:25:21","date_gmt":"2023-08-01T12:25:21","guid":{"rendered":"http:\/\/www.muricionline.com.br\/novo\/?p=21030"},"modified":"2023-08-01T09:25:21","modified_gmt":"2023-08-01T12:25:21","slug":"corpo-de-bombeiros-militar-promove-primeiras-mulheres-a-coronel-da-corporacao","status":"publish","type":"post","link":"http:\/\/www.muricionline.com.br\/novo\/?p=21030","title":{"rendered":"Corpo de Bombeiros Militar promove primeiras mulheres a coronel da corpora\u00e7\u00e3o"},"content":{"rendered":"<p>O governador Paulo Dantas participou na manh\u00e3 desta segunda-feira (31), no Centro Cultural e de Exposi\u00e7\u00f5es Ruth Cardoso, da solenidade de promo\u00e7\u00e3o de 70 oficiais do Corpo de Bombeiros Militar de Alagoas, e comemorou o fato in\u00e9dito, na hist\u00f3ria de Alagoas, de duas mulheres conquistarem a gradua\u00e7\u00e3o de coronel na corpora\u00e7\u00e3o: \u201cTemos a \u00f3tima not\u00edcia de ter a promo\u00e7\u00e3o das primeiras mulheres que chegaram \u00e0 gradua\u00e7\u00e3o de um coronel do Corpo de Bombeiros Militar na hist\u00f3ria de Alagoas\u201d, parabenizou o governador.<\/p>\n<p>&nbsp;<\/p>\n<p>&nbsp;As duas oficiais promovidas a coronel s\u00e3o Camila Paiva Barbosa, do quadro de oficiais combatentes, e Ana Clara Lemos, do quadro de sa\u00fade. \u201c\u00c9 com muita alegria que participamos dessa solenidade de promo\u00e7\u00e3o de 70 oficiais do Corpo de Bombeiros. S\u00e3o homens e mulheres competentes e capazes, que se capacitaram para gerir, para comandar estrat\u00e9gias, para encontrar solu\u00e7\u00f5es\u201d, parabenizou o governador.<\/p>\n<p>&nbsp;<\/p>\n<p><img decoding=\"async\" src=\"http:\/\/alagoas.al.gov.br\/imagens\/conteudos\/377128dd5824db25997cf8cabbbc35c5\/\/31072023%20Bombeiros%2070%20Promovidos%20(PF)%20-50.jpg\"><\/p>\n<p>&nbsp;Paulo Dantas enfatizou sua satisfa\u00e7\u00e3o com os resultados que a \u00e1rea de seguran\u00e7a p\u00fablica alagoana vem alcan\u00e7ando no combate \u00e0 criminalidade. \u201cEstamos tendo um m\u00eas de excel\u00eancia, cujos n\u00fameros se encerram \u00e0 meia noite de hoje e iremos apresentar no in\u00edcio do m\u00eas de agosto, mas que j\u00e1 s\u00e3o muito animadores\u201d, antecipou o governador.<\/p>\n<p>&nbsp;<\/p>\n<p>&nbsp;Paulo observou que na sua gest\u00e3o como governador j\u00e1 foram nomeados mais de dois mil servidores para a \u00e1rea de seguran\u00e7a, distribu\u00eddos entre o Corpo de Bombeiros, Pol\u00edcia Civil e Pol\u00edcia Militar. \u201cContinuaremos a realizar concurso p\u00fablico porque entendemos que quanto mais homens e mulheres estiverem na rua, mas seguran\u00e7a Alagoas ter\u00e1\u201d, acentuou o governador, lembrando que como deputado estadual foi relator do projeto de implantar do Quadro de Oficiais da Pol\u00edcia Militar e do Corpo de Bombeiros, e dos Planos de Cargos e Carreiras dos Servidores do Estado.<\/p>\n<p>&nbsp;<\/p>\n<p><img decoding=\"async\" src=\"http:\/\/alagoas.al.gov.br\/imagens\/conteudos\/377128dd5824db25997cf8cabbbc35c5\/\/31072023%20Bombeiros%2070%20Promovidos%20(PF)%20-52.jpg\"><\/p>\n<p>&nbsp;O comandante-geral do Corpo de Bombeiros Militar, coronel&nbsp;Jacques Wolbeck, disse que a solenidade de promo\u00e7\u00e3o \u00e9 um coroamento e um compromisso com a carreira do Bombeiro Militar. \u201c\u00c9 o reconhecimento por parte do governo do Estado e da Secretaria de Seguran\u00e7a P\u00fablica em cumprir&nbsp; o Plano de Carreira determinado para o Corpo de Bombeiros Militar na legisla\u00e7\u00e3o &nbsp;e tamb\u00e9m &nbsp;representa a &nbsp;vinda de novos desafios dos promovidos para continuar prestando um servi\u00e7o de excel\u00eancia para a sociedade\u201d.<\/p>\n<p>&nbsp;<\/p>\n<p>&nbsp;O coronel Wolbeck informou que o Corpo de Bombeiros tem hoje uma turma de 120 soldados combatentes em forma\u00e7\u00e3o e de forma in\u00e9dita, depois de 30 anos de emancipa\u00e7\u00e3o da Pol\u00edcia Militar, est\u00e1 formando 20 oficiais combatentes no pr\u00f3prio estado. \u201cIsso significa aumentar nosso posicionamento no solo alagoano. Temos um plano de expans\u00e3o, de aumentar nossas unidades, e dessa forma ficar mais pr\u00f3ximo da sociedade, para que de forma r\u00e1pida possamos socorrer quem precisa da gente. Quanto mais r\u00e1pido a chegar num evento, mais chance de salvar a vida das pessoas e o patrim\u00f4nio dela\u201d, observou o comandante-geral do CBMAL.<\/p>\n<p>&nbsp;<\/p>\n<p>&nbsp;Para o secret\u00e1rio de Seguran\u00e7a P\u00fablica, Fl\u00e1vio Saraiva, o momento da promo\u00e7\u00e3o representa uma renova\u00e7\u00e3o do esp\u00edrito dos oficiais. \u201cA seguran\u00e7a p\u00fablica do estado de Alagoas vive um momento promissor, com bastante investimento na \u00e1rea, com constru\u00e7\u00e3o de Cisps [Centros Integrados de Seguran\u00e7a P\u00fablica], Central de Flagrante, aquisi\u00e7\u00e3o de materiais e equipamentos de prote\u00e7\u00e3o individual. Vivemos um novo momento devido \u00e0 capacidade de investimento do Estado na seguran\u00e7a p\u00fablica\u201d, observou o secret\u00e1rio.<\/p>\n<p>&nbsp;<\/p>\n<p><img decoding=\"async\" src=\"http:\/\/alagoas.al.gov.br\/imagens\/conteudos\/377128dd5824db25997cf8cabbbc35c5\/\/31072023%20Bombeiros%2070%20Promovidos%20(PF)%20-56.jpg\"><\/p>\n<p>&nbsp;Segundo ele, nos \u00faltimos anos o Governo do Estado investiu mais de R$ 158 milh\u00f5es em todas as institui\u00e7\u00f5es da \u00e1rea da seguran\u00e7a p\u00fablica, e que o Corpo de Bombeiros tem um planejamento para 10 anos, e vem sendo cumprido fielmente. \u201cQuando a gente passa na orla mar\u00edtima voc\u00ea observa os pontos de guarda-vidas, j\u00e1 bastante diferenciados, com equipamentos modernos e acomoda\u00e7\u00e3o adequada para quem trabalha ali\u201d, observou o secret\u00e1rio, acentuando os investimentos na Pol\u00edcia Civil e Pol\u00edcia Militar, com incremento de pessoal e aquisi\u00e7\u00e3o de equipamentos de prote\u00e7\u00e3o individual para refor\u00e7ar a seguran\u00e7a p\u00fablica no combate \u00e0 criminalidade.<\/p>\n<p>&nbsp;<\/p>\n<p>&nbsp;O comandante da Pol\u00edcia Militar de Alagoas, coronel Paulo Amorim, tamb\u00e9m destacou os investimentos que o Governo do Estado vem fazendo na corpora\u00e7\u00e3o, a exemplo da forma\u00e7\u00e3o de mais de mil militares, entre pra\u00e7as e oficiais, que em breve estar\u00e3o nas ruas para refor\u00e7ar a seguran\u00e7a em todo o estado.<\/p>\n<p>&nbsp;<\/p>\n<p>A solenidade de promo\u00e7\u00e3o dos oficiais da PM contou com a presen\u00e7a de secret\u00e1rios de estado e familiares dos promovidos.<\/p>\n<p>Com Ag\u00eancia Alagoas&nbsp;<\/p>\n<p>Fotos: Pei Fon<\/p>\n<span style=\"clear:both;display:none;\"><img src=\"http:\/\/www.muricionline.com.br\/novo\/wp-content\/plugins\/wp-spamfree\/img\/wpsf-img.php\" width=\"0\" height=\"0\" alt=\"\" style=\"border-style:none;width:0px;height:0px;display:none;\" \/><\/span>","protected":false},"excerpt":{"rendered":"<p>O governador Paulo Dantas participou na manh\u00e3 desta segunda-feira (31), no Centro Cultural e de Exposi\u00e7\u00f5es Ruth Cardoso, da solenidade de promo\u00e7\u00e3o de 70 oficiais do Corpo de Bombeiros Militar de Alagoas, e comemorou o fato in\u00e9dito, na hist\u00f3ria de Alagoas, de duas mulheres conquistarem a gradua\u00e7\u00e3o de coronel na corpora\u00e7\u00e3o: \u201cTemos a \u00f3tima not\u00edcia&#8230;<\/p>\n","protected":false},"author":1,"featured_media":21031,"comment_status":"open","ping_status":"open","sticky":false,"template":"","format":"standard","meta":{"footnotes":""},"categories":[7,1],"tags":[5],"_links":{"self":[{"href":"http:\/\/www.muricionline.com.br\/novo\/index.php?rest_route=\/wp\/v2\/posts\/21030"}],"collection":[{"href":"http:\/\/www.muricionline.com.br\/novo\/index.php?rest_route=\/wp\/v2\/posts"}],"about":[{"href":"http:\/\/www.muricionline.com.br\/novo\/index.php?rest_route=\/wp\/v2\/types\/post"}],"author":[{"embeddable":true,"href":"http:\/\/www.muricionline.com.br\/novo\/index.php?rest_route=\/wp\/v2\/users\/1"}],"replies":[{"embeddable":true,"href":"http:\/\/www.muricionline.com.br\/novo\/index.php?rest_route=%2Fwp%2Fv2%2Fcomments&post=21030"}],"version-history":[{"count":1,"href":"http:\/\/www.muricionline.com.br\/novo\/index.php?rest_route=\/wp\/v2\/posts\/21030\/revisions"}],"predecessor-version":[{"id":21032,"href":"http:\/\/www.muricionline.com.br\/novo\/index.php?rest_route=\/wp\/v2\/posts\/21030\/revisions\/21032"}],"wp:featuredmedia":[{"embeddable":true,"href":"http:\/\/www.muricionline.com.br\/novo\/index.php?rest_route=\/wp\/v2\/media\/21031"}],"wp:attachment":[{"href":"http:\/\/www.muricionline.com.br\/novo\/index.php?rest_route=%2Fwp%2Fv2%2Fmedia&parent=21030"}],"wp:term":[{"taxonomy":"category","embeddable":true,"href":"http:\/\/www.muricionline.com.br\/novo\/index.php?rest_route=%2Fwp%2Fv2%2Fcategories&post=21030"},{"taxonomy":"post_tag","embeddable":true,"href":"http:\/\/www.muricionline.com.br\/novo\/index.php?rest_route=%2Fwp%2Fv2%2Ftags&post=21030"}],"curies":[{"name":"wp","href":"https:\/\/api.w.org\/{rel}","templated":true}]}}