{"id":21033,"date":"2023-08-01T22:49:30","date_gmt":"2023-08-02T01:49:30","guid":{"rendered":"http:\/\/www.muricionline.com.br\/novo\/?p=21033"},"modified":"2023-08-01T22:49:30","modified_gmt":"2023-08-02T01:49:30","slug":"santanese-que-atua-pelo-dimensao-saude-chega-a-uma-semifinal-de-campeonato-alagoano-pela-primeira-vez","status":"publish","type":"post","link":"http:\/\/www.muricionline.com.br\/novo\/?p=21033","title":{"rendered":"Santanese que atua pelo Dimens\u00e3o Sa\u00fade chega a uma semifinal de Campeonato Alagoano pela primeira vez"},"content":{"rendered":"<p>Zagueiro Rendson Matheus de 19 anos, ganhou destaque durante a competi\u00e7\u00e3o e est\u00e1 relacionado para o primeiro duelo contra o Penedense que acontece nesta quarta-feira (02)<\/p>\n<p>O Zagueiro Rendson Matheus de 19 anos, vem chamando a aten\u00e7\u00e3o de v\u00e1rios clubes brasileiros nos \u00faltimos dias pelo bom futebol que vem desempenhando pelo Dimens\u00e3o Sa\u00fade, que disputa o Campeonato Alagoano da segunda divis\u00e3o. Matheus Silva como \u00e9 conhecido \u00e9 natural de Santana do Ipanema, Sert\u00e3o de Alagoas, cidade que fica localizada a 210 km da capital de Alagoas.<\/p>\n<p>O atleta chega pela primeira vez em seu curr\u00edculo em uma semifinal de competi\u00e7\u00e3o. Filho da t\u00e9cnica de enfermagem Aline Gomes, o jogador ganhou \u00faltimos meses destaque pelo bom desempenho pelo clube de Porto Real do Col\u00e9gio.<\/p>\n<p>Rendson Matheus \u00e9 destro e tem 1,90 de altura. Ele deve ser um dos atletas promissor que representar\u00e1 bem nosso munic\u00edpio.<\/p>\n<p>Nossa reportagem manteve contato com o jogador e ele falou de sua felicidade em poder jogar uma competi\u00e7\u00e3o oficial pela primeira vez.<\/p>\n<p>&#8220;Estou muito feliz por tudo que est\u00e1 acontecendo em minha vida, principalmente em poder ajudar o meu clube em chegar a uma semifinal. Trabalhei muito, s\u00f3 tenho que agradecer a Deus pela oportunidade que ele tem me dado, apenas gratid\u00e3o ao senhor&#8221;, disse Rendson.<\/p>\n<p>O jogador foi relacionado para o primeiro confronto da semifinal contra o Penedense que acontece nesta quarta-feira (02), na cidade de Porto Real do Col\u00e9gio, no est\u00e1dio Miguel Queiroz, \u00e0s 15h.<\/p>\n<p>&nbsp;<\/p>\n<p>Por Andr\u00e9 Henrique&nbsp;<\/p>\n<p>Foto: Cortesia&nbsp;<\/p>\n<span style=\"clear:both;display:none;\"><img src=\"http:\/\/www.muricionline.com.br\/novo\/wp-content\/plugins\/wp-spamfree\/img\/wpsf-img.php\" width=\"0\" height=\"0\" alt=\"\" style=\"border-style:none;width:0px;height:0px;display:none;\" \/><\/span>","protected":false},"excerpt":{"rendered":"<p>Zagueiro Rendson Matheus de 19 anos, ganhou destaque durante a competi\u00e7\u00e3o e est\u00e1 relacionado para o primeiro duelo contra o Penedense que acontece nesta quarta-feira (02) O Zagueiro Rendson Matheus de 19 anos, vem chamando a aten\u00e7\u00e3o de v\u00e1rios clubes brasileiros nos \u00faltimos dias pelo bom futebol que vem desempenhando pelo Dimens\u00e3o Sa\u00fade, que disputa&#8230;<\/p>\n","protected":false},"author":1,"featured_media":21034,"comment_status":"open","ping_status":"open","sticky":false,"template":"","format":"standard","meta":{"footnotes":""},"categories":[9,1],"tags":[5],"_links":{"self":[{"href":"http:\/\/www.muricionline.com.br\/novo\/index.php?rest_route=\/wp\/v2\/posts\/21033"}],"collection":[{"href":"http:\/\/www.muricionline.com.br\/novo\/index.php?rest_route=\/wp\/v2\/posts"}],"about":[{"href":"http:\/\/www.muricionline.com.br\/novo\/index.php?rest_route=\/wp\/v2\/types\/post"}],"author":[{"embeddable":true,"href":"http:\/\/www.muricionline.com.br\/novo\/index.php?rest_route=\/wp\/v2\/users\/1"}],"replies":[{"embeddable":true,"href":"http:\/\/www.muricionline.com.br\/novo\/index.php?rest_route=%2Fwp%2Fv2%2Fcomments&post=21033"}],"version-history":[{"count":1,"href":"http:\/\/www.muricionline.com.br\/novo\/index.php?rest_route=\/wp\/v2\/posts\/21033\/revisions"}],"predecessor-version":[{"id":21035,"href":"http:\/\/www.muricionline.com.br\/novo\/index.php?rest_route=\/wp\/v2\/posts\/21033\/revisions\/21035"}],"wp:featuredmedia":[{"embeddable":true,"href":"http:\/\/www.muricionline.com.br\/novo\/index.php?rest_route=\/wp\/v2\/media\/21034"}],"wp:attachment":[{"href":"http:\/\/www.muricionline.com.br\/novo\/index.php?rest_route=%2Fwp%2Fv2%2Fmedia&parent=21033"}],"wp:term":[{"taxonomy":"category","embeddable":true,"href":"http:\/\/www.muricionline.com.br\/novo\/index.php?rest_route=%2Fwp%2Fv2%2Fcategories&post=21033"},{"taxonomy":"post_tag","embeddable":true,"href":"http:\/\/www.muricionline.com.br\/novo\/index.php?rest_route=%2Fwp%2Fv2%2Ftags&post=21033"}],"curies":[{"name":"wp","href":"https:\/\/api.w.org\/{rel}","templated":true}]}}