{"id":21036,"date":"2023-08-02T17:18:45","date_gmt":"2023-08-02T20:18:45","guid":{"rendered":"http:\/\/www.muricionline.com.br\/novo\/?p=21036"},"modified":"2023-08-02T17:18:45","modified_gmt":"2023-08-02T20:18:45","slug":"em-sao-jose-da-laje-casa-de-saude-da-mulher-e-inaugurada-e-ja-oferta-diversas-especialidades-medicas","status":"publish","type":"post","link":"http:\/\/www.muricionline.com.br\/novo\/?p=21036","title":{"rendered":"Em S\u00e3o Jos\u00e9 da Laje casa de sa\u00fade da mulher \u00e9 inaugurada e j\u00e1 oferta diversas especialidades m\u00e9dicas"},"content":{"rendered":"<p class=\"s3\"><span class=\"s5\"><span class=\"bumpedFont15\">Foi inaugurada <\/span><\/span><span class=\"s5\"><span class=\"bumpedFont15\">nesta ultima semana a Casa de Sa\u00fade da Mulher em S\u00e3o Jos\u00e9 da Laje, um amplo e moderno espa\u00e7o que j\u00e1 est\u00e1 ofertando diversas espec<\/span><\/span><span class=\"s5\"><span class=\"bumpedFont15\">ia<\/span><\/span><span class=\"s5\"><span class=\"bumpedFont15\">lidades medicas dedicadas <\/span><\/span><a name=\"_GoBack\"><\/a><span class=\"s5\"><span class=\"bumpedFont15\">\u00e0<\/span><\/span><span class=\"s5\"><span class=\"bumpedFont15\"> preven\u00e7\u00e3o e cuidado a sa\u00fade das mulheres lajenses.<\/span><\/span><\/p>\n<p class=\"s6\"><span class=\"s5\"><span class=\"bumpedFont15\">O local conta<\/span><\/span> <span class=\"s5\"><span class=\"bumpedFont15\">co<\/span><\/span><span class=\"s5\"><span class=\"bumpedFont15\">m atendimentos de ginecologia<\/span><\/span><span class=\"s5\"><span class=\"bumpedFont15\">, psicologia, <\/span><\/span><span class=\"s5\"><span class=\"bumpedFont15\">nutricionista<\/span><\/span><span class=\"s5\"><span class=\"bumpedFont15\">, <\/span><\/span><span class=\"s5\"><span class=\"bumpedFont15\">mastologia<\/span><\/span><span class=\"s5\"><span class=\"bumpedFont15\">, tratamento odontol\u00f3gico entre outras especialidades. <\/span><\/span><span class=\"s5\"><span class=\"bumpedFont15\">Constru\u00edda<\/span><\/span><span class=\"s5\"><span class=\"bumpedFont15\"> com recursos pr\u00f3prios a casa de sa\u00fade da mu<\/span><\/span><span class=\"s5\"><span class=\"bumpedFont15\">lher <\/span><\/span><span class=\"s5\"><span class=\"bumpedFont15\">Maria Jos\u00e9 da Silva (Zez\u00e9 Paulino)<\/span><\/span><span class=\"s5\"><span class=\"bumpedFont15\">contempla as in\u00fameras a\u00e7\u00f5es<\/span><\/span><span class=\"s5\"><span class=\"bumpedFont15\"> &nbsp;<\/span><\/span><span class=\"s5\"><span class=\"bumpedFont15\">da<\/span><\/span> <span class=\"s5\"><span class=\"bumpedFont15\">gest\u00e3o da pre<\/span><\/span><span class=\"s5\"><span class=\"bumpedFont15\">feita <\/span><\/span><span class=\"s5\"><span class=\"bumpedFont15\">Angela<\/span><\/span><span class=\"s5\"><span class=\"bumpedFont15\"> V<\/span><\/span><span class=\"s5\"><span class=\"bumpedFont15\">anessa em benef\u00edcio das mulheres lajenses<\/span><\/span><\/p>\n<p class=\"s6\"><span class=\"s5\"><span class=\"bumpedFont15\">\u201cEsse \u00e9 <\/span><\/span><span class=\"s5\"><span class=\"bumpedFont15\">um grande passo para o munic\u00edpio e vai beneficiar v\u00e1rias mulheres. Fazendo a grande diferen\u00e7a no diagn\u00f3s<\/span><\/span><span class=\"s5\"><span class=\"bumpedFont15\">tico em fase inicial de doen\u00e7as, um espa\u00e7o de acolhimento, aqui todos os profissionais s\u00e3o mulheres, s\u00e3o mulheres cuidando de outras mulheres, o que deixa o ambiente mais leve e acolhedor, profissionais capacitados, estrutura de ponta e espa\u00e7o amplo, tudo feito com muito carinho para nossas pacientes e futuras pacientes.\u201d Pontuou Fernando <\/span><\/span><span class=\"s5\"><span class=\"bumpedFont15\">Chicuta<\/span><\/span><span class=\"s5\"><span class=\"bumpedFont15\">, Secretario Municipal de <\/span><\/span><span class=\"s5\"><span class=\"bumpedFont15\">Sa\u00fade<\/span><\/span><\/p>\n<p><span class=\"s7\"><span class=\"bumpedFont15\">A prefeita <\/span><\/span><span class=\"s7\"><span class=\"bumpedFont15\">Angela<\/span><\/span><span class=\"s7\"><span class=\"bumpedFont15\"> Vanessa<\/span><\/span><span class=\"s7\"><span class=\"bumpedFont15\"> &nbsp;<\/span><\/span><span class=\"s7\"><span class=\"bumpedFont15\">principal idealizadora da Casa de Sa\u00fade da Mulher falou da felicidade em atrav\u00e9s da sua gest\u00e3o poder ofertar esse importante equipamento de sa\u00fade para as mulheres lajenses. <\/span><\/span><span class=\"s7\"><span class=\"bumpedFont15\">\u201cPensamos em um local com atendimento completo para <\/span><\/span><span class=\"s7\"><span class=\"bumpedFont15\">todas as<\/span><\/span><span class=\"s7\"><span class=\"bumpedFont15\"> mulher<\/span><\/span><span class=\"s7\"><span class=\"bumpedFont15\">es<\/span><\/span><span class=\"s7\"><span class=\"bumpedFont15\">. A ideia \u00e9 que a Casa<\/span><\/span><span class=\"s7\"><span class=\"bumpedFont15\"> de Sa\u00fade<\/span><\/span><span class=\"s7\"><span class=\"bumpedFont15\"> se torne um espa\u00e7o de acolhimento, atendimento \u00e0s <\/span><\/span><span class=\"s7\"><span class=\"bumpedFont15\">mulheres ,<\/span><\/span><span class=\"s7\"><span class=\"bumpedFont15\"> dando a elas o direito de ter diagn\u00f3stico precoce, exames complementares e sejam encaminhadas para o tratamento em tempo h\u00e1bil. <\/span><\/span><span class=\"s7\"><span class=\"bumpedFont15\">Nossa Sa\u00fade \u00e9 refer\u00eancia em<\/span><\/span><span class=\"s7\"><span class=\"bumpedFont15\"> Alagoas. Essa \u00e9 a nossa luta. Esse \u00e9 o nosso objetivo maior: salvar vidas\u201d<\/span><\/span><span class=\"s8\"><span class=\"bumpedFont15\">, disse <\/span><\/span><span class=\"s8\"><span class=\"bumpedFont15\">Angela<\/span><\/span><span class=\"s8\"><span class=\"bumpedFont15\"> Vanessa, Prefeita de S\u00e3o Jos\u00e9 da Laje.<\/span><\/span><\/p>\n<p>&nbsp;<\/p>\n<p>Com Assessoria&nbsp;<\/p>\n<span style=\"clear:both;display:none;\"><img src=\"http:\/\/www.muricionline.com.br\/novo\/wp-content\/plugins\/wp-spamfree\/img\/wpsf-img.php\" width=\"0\" height=\"0\" alt=\"\" style=\"border-style:none;width:0px;height:0px;display:none;\" \/><\/span>","protected":false},"excerpt":{"rendered":"<p>Foi inaugurada nesta ultima semana a Casa de Sa\u00fade da Mulher em S\u00e3o Jos\u00e9 da Laje, um amplo e moderno espa\u00e7o que j\u00e1 est\u00e1 ofertando diversas especialidades medicas dedicadas \u00e0 preven\u00e7\u00e3o e cuidado a sa\u00fade das mulheres lajenses. O local conta com atendimentos de ginecologia, psicologia, nutricionista, mastologia, tratamento odontol\u00f3gico entre outras especialidades. Constru\u00edda com&#8230;<\/p>\n","protected":false},"author":1,"featured_media":21037,"comment_status":"open","ping_status":"open","sticky":false,"template":"","format":"standard","meta":{"footnotes":""},"categories":[1],"tags":[5],"_links":{"self":[{"href":"http:\/\/www.muricionline.com.br\/novo\/index.php?rest_route=\/wp\/v2\/posts\/21036"}],"collection":[{"href":"http:\/\/www.muricionline.com.br\/novo\/index.php?rest_route=\/wp\/v2\/posts"}],"about":[{"href":"http:\/\/www.muricionline.com.br\/novo\/index.php?rest_route=\/wp\/v2\/types\/post"}],"author":[{"embeddable":true,"href":"http:\/\/www.muricionline.com.br\/novo\/index.php?rest_route=\/wp\/v2\/users\/1"}],"replies":[{"embeddable":true,"href":"http:\/\/www.muricionline.com.br\/novo\/index.php?rest_route=%2Fwp%2Fv2%2Fcomments&post=21036"}],"version-history":[{"count":1,"href":"http:\/\/www.muricionline.com.br\/novo\/index.php?rest_route=\/wp\/v2\/posts\/21036\/revisions"}],"predecessor-version":[{"id":21038,"href":"http:\/\/www.muricionline.com.br\/novo\/index.php?rest_route=\/wp\/v2\/posts\/21036\/revisions\/21038"}],"wp:featuredmedia":[{"embeddable":true,"href":"http:\/\/www.muricionline.com.br\/novo\/index.php?rest_route=\/wp\/v2\/media\/21037"}],"wp:attachment":[{"href":"http:\/\/www.muricionline.com.br\/novo\/index.php?rest_route=%2Fwp%2Fv2%2Fmedia&parent=21036"}],"wp:term":[{"taxonomy":"category","embeddable":true,"href":"http:\/\/www.muricionline.com.br\/novo\/index.php?rest_route=%2Fwp%2Fv2%2Fcategories&post=21036"},{"taxonomy":"post_tag","embeddable":true,"href":"http:\/\/www.muricionline.com.br\/novo\/index.php?rest_route=%2Fwp%2Fv2%2Ftags&post=21036"}],"curies":[{"name":"wp","href":"https:\/\/api.w.org\/{rel}","templated":true}]}}