{"id":21042,"date":"2023-08-02T19:00:34","date_gmt":"2023-08-02T22:00:34","guid":{"rendered":"http:\/\/www.muricionline.com.br\/novo\/?p=21042"},"modified":"2023-08-02T19:00:34","modified_gmt":"2023-08-02T22:00:34","slug":"escola-de-linguas-de-murici-e-destaque-na-revista-agilize-da-ufal","status":"publish","type":"post","link":"http:\/\/www.muricionline.com.br\/novo\/?p=21042","title":{"rendered":"Escola de L\u00ednguas de Murici \u00e9 destaque na Revista Agilize, da UFAL"},"content":{"rendered":"<p>O prefeito de <a href=\"https:\/\/www.br104.com.br\/tag\/murici\/\"><strong>Murici<\/strong><\/a>, <a href=\"https:\/\/www.br104.com.br\/tag\/olavo-neto\/\"><strong>Olavo Neto<\/strong><\/a>, expressou sua satisfa\u00e7\u00e3o e orgulho pela gest\u00e3o municipal ao receber o reconhecimento dos trabalhos desenvolvidos em prol da educa\u00e7\u00e3o no munic\u00edpio.<\/p>\n<p>Um projeto que se destacou nesse contexto foi a \u201cEscola de L\u00ednguas\u201d, cujo sucesso foi registrado na prestigiada Revista Agilize, vinculada \u00e0 Universidade Federal de Alagoas (UFAL), tornando-se uma refer\u00eancia na educa\u00e7\u00e3o em todo o estado.<\/p>\n<p>A UFAL, reconhecendo a excel\u00eancia do projeto, destacando seu impacto positivo na vida dos jovens de Murici, oferecendo-lhes oportunidades e um futuro promissor.<\/p>\n<p>Olavo Neto, salientou que a conquista \u00e9 resultado de um esfor\u00e7o coletivo e dedicado de toda a equipe da gest\u00e3o municipal, que trabalha incansavelmente para proporcionar um ambiente acolhedor e cheio de oportunidades para a comunidade.<\/p>\n<p data-fetch=\"true\">A \u201cEscola de L\u00ednguas\u201d tem se destacado por seu papel fundamental na forma\u00e7\u00e3o educacional e cultural dos estudantes, promovendo o aprendizado de idiomas e ampliando horizontes para o mercado de trabalho.<\/p>\n<p data-fetch=\"true\">Com BR104<\/p>\n<span style=\"clear:both;display:none;\"><img src=\"http:\/\/www.muricionline.com.br\/novo\/wp-content\/plugins\/wp-spamfree\/img\/wpsf-img.php\" width=\"0\" height=\"0\" alt=\"\" style=\"border-style:none;width:0px;height:0px;display:none;\" \/><\/span>","protected":false},"excerpt":{"rendered":"<p>O prefeito de Murici, Olavo Neto, expressou sua satisfa\u00e7\u00e3o e orgulho pela gest\u00e3o municipal ao receber o reconhecimento dos trabalhos desenvolvidos em prol da educa\u00e7\u00e3o no munic\u00edpio. Um projeto que se destacou nesse contexto foi a \u201cEscola de L\u00ednguas\u201d, cujo sucesso foi registrado na prestigiada Revista Agilize, vinculada \u00e0 Universidade Federal de Alagoas (UFAL), tornando-se&#8230;<\/p>\n","protected":false},"author":1,"featured_media":21043,"comment_status":"open","ping_status":"open","sticky":false,"template":"","format":"standard","meta":{"footnotes":""},"categories":[7,1],"tags":[5],"_links":{"self":[{"href":"http:\/\/www.muricionline.com.br\/novo\/index.php?rest_route=\/wp\/v2\/posts\/21042"}],"collection":[{"href":"http:\/\/www.muricionline.com.br\/novo\/index.php?rest_route=\/wp\/v2\/posts"}],"about":[{"href":"http:\/\/www.muricionline.com.br\/novo\/index.php?rest_route=\/wp\/v2\/types\/post"}],"author":[{"embeddable":true,"href":"http:\/\/www.muricionline.com.br\/novo\/index.php?rest_route=\/wp\/v2\/users\/1"}],"replies":[{"embeddable":true,"href":"http:\/\/www.muricionline.com.br\/novo\/index.php?rest_route=%2Fwp%2Fv2%2Fcomments&post=21042"}],"version-history":[{"count":1,"href":"http:\/\/www.muricionline.com.br\/novo\/index.php?rest_route=\/wp\/v2\/posts\/21042\/revisions"}],"predecessor-version":[{"id":21044,"href":"http:\/\/www.muricionline.com.br\/novo\/index.php?rest_route=\/wp\/v2\/posts\/21042\/revisions\/21044"}],"wp:featuredmedia":[{"embeddable":true,"href":"http:\/\/www.muricionline.com.br\/novo\/index.php?rest_route=\/wp\/v2\/media\/21043"}],"wp:attachment":[{"href":"http:\/\/www.muricionline.com.br\/novo\/index.php?rest_route=%2Fwp%2Fv2%2Fmedia&parent=21042"}],"wp:term":[{"taxonomy":"category","embeddable":true,"href":"http:\/\/www.muricionline.com.br\/novo\/index.php?rest_route=%2Fwp%2Fv2%2Fcategories&post=21042"},{"taxonomy":"post_tag","embeddable":true,"href":"http:\/\/www.muricionline.com.br\/novo\/index.php?rest_route=%2Fwp%2Fv2%2Ftags&post=21042"}],"curies":[{"name":"wp","href":"https:\/\/api.w.org\/{rel}","templated":true}]}}