{"id":21658,"date":"2023-10-13T15:15:42","date_gmt":"2023-10-13T18:15:42","guid":{"rendered":"http:\/\/www.muricionline.com.br\/novo\/?p=21658"},"modified":"2023-10-13T15:15:42","modified_gmt":"2023-10-13T18:15:42","slug":"circuito-lajense-de-volei-reune-atletas-de-al-e-se-em-sao-jose-da-laje","status":"publish","type":"post","link":"http:\/\/www.muricionline.com.br\/novo\/?p=21658","title":{"rendered":"Circuito Lajense de V\u00f4lei re\u00fane atletas de AL e SE em S\u00e3o Jos\u00e9 da Laje."},"content":{"rendered":"<p>No \u00faltimo domingo (08), a cidade de S\u00e3o Jos\u00e9 da Laje, sediou com sucesso o primeiro Circuito Lajense de V\u00f4lei de Praia, um evento esportivo que reuniu atletas dos estados de Alagoas e Sergipe, al\u00e9m de entusiastas da modalidade de toda a regi\u00e3o. A competi\u00e7\u00e3o aconteceu na quadra do bairro Cubat\u00e3o e foi organizada pelo Centro de Treinamento de V\u00f4lei Garra.<\/p>\n<p>Os campe\u00f5es desta edi\u00e7\u00e3o do Circuito foram:<\/p>\n<p>1\u00ba Lugar: Igor e Manoel, atuais campe\u00f5es alagoanos, que demonstraram mais uma vez sua excel\u00eancia no esporte.<br \/>\n2\u00ba Lugar: Will e Pedro.<br \/>\n3\u00ba Lugar: Pedro China e Cristian.<br \/>\nAl\u00e9m do sucesso da primeira edi\u00e7\u00e3o, \u00e9 com grande entusiasmo que anunciamos que a pr\u00f3xima edi\u00e7\u00e3o do Circuito Lajense de V\u00f4lei j\u00e1 est\u00e1 confirmada para o ano de 2024. A data ser\u00e1 anunciada em breve, permitindo que atletas e entusiastas se preparem para mais um emocionante torneio.<\/p>\n<p>O principal organizador do evento, Darllan Saullo, l\u00edder do projeto Garra, desempenhou um papel fundamental na realiza\u00e7\u00e3o deste torneio. A dedica\u00e7\u00e3o e o esfor\u00e7o de Saullo e sua equipe foram essenciais para o sucesso do Circuito Lajense de V\u00f4lei.<\/p>\n<p><img loading=\"lazy\" decoding=\"async\" class=\"alignnone size-medium wp-image-21660\" src=\"http:\/\/www.muricionline.com.br\/novo\/wp-content\/uploads\/2023\/10\/e5f7e51d-eb92-48ae-a95d-ff393754b958-250x141.jpeg\" alt=\"\" width=\"250\" height=\"141\" srcset=\"http:\/\/www.muricionline.com.br\/novo\/wp-content\/uploads\/2023\/10\/e5f7e51d-eb92-48ae-a95d-ff393754b958-250x141.jpeg 250w, http:\/\/www.muricionline.com.br\/novo\/wp-content\/uploads\/2023\/10\/e5f7e51d-eb92-48ae-a95d-ff393754b958-768x432.jpeg 768w, http:\/\/www.muricionline.com.br\/novo\/wp-content\/uploads\/2023\/10\/e5f7e51d-eb92-48ae-a95d-ff393754b958-400x225.jpeg 400w, http:\/\/www.muricionline.com.br\/novo\/wp-content\/uploads\/2023\/10\/e5f7e51d-eb92-48ae-a95d-ff393754b958.jpeg 1280w\" sizes=\"(max-width: 250px) 100vw, 250px\" \/><br \/>\nO Circuito Lajense de V\u00f4lei representa um marco significativo no esporte regional, promovendo a paix\u00e3o pelo v\u00f4lei de praia e incentivando o crescimento da modalidade em Alagoas. Com a participa\u00e7\u00e3o de atletas de v\u00e1rias cidades, o evento promoveu a uni\u00e3o e a celebra\u00e7\u00e3o da pr\u00e1tica esportiva.<\/p>\n<p>Segundo Saullo, a expectativa \u00e9 que este torneio se torne uma tradi\u00e7\u00e3o anual, reunindo ainda mais atletas e entusiastas em edi\u00e7\u00f5es futuras. Parab\u00e9ns a todos os envolvidos na organiza\u00e7\u00e3o e aos atletas que proporcionaram um dia de grande entretenimento e competi\u00e7\u00e3o esportiva em S\u00e3o Jos\u00e9 da Laje. Aguardamos ansiosamente a pr\u00f3xima edi\u00e7\u00e3o em 2024.<\/p>\n<p>Fonte: Ascom CT Garra<\/p>\n<span style=\"clear:both;display:none;\"><img src=\"http:\/\/www.muricionline.com.br\/novo\/wp-content\/plugins\/wp-spamfree\/img\/wpsf-img.php\" width=\"0\" height=\"0\" alt=\"\" style=\"border-style:none;width:0px;height:0px;display:none;\" \/><\/span>","protected":false},"excerpt":{"rendered":"<p>No \u00faltimo domingo (08), a cidade de S\u00e3o Jos\u00e9 da Laje, sediou com sucesso o primeiro Circuito Lajense de V\u00f4lei de Praia, um evento esportivo que reuniu atletas dos estados de Alagoas e Sergipe, al\u00e9m de entusiastas da modalidade de toda a regi\u00e3o. A competi\u00e7\u00e3o aconteceu na quadra do bairro Cubat\u00e3o e foi organizada pelo&#8230;<\/p>\n","protected":false},"author":1,"featured_media":21659,"comment_status":"open","ping_status":"open","sticky":false,"template":"","format":"standard","meta":{"footnotes":""},"categories":[1],"tags":[5],"_links":{"self":[{"href":"http:\/\/www.muricionline.com.br\/novo\/index.php?rest_route=\/wp\/v2\/posts\/21658"}],"collection":[{"href":"http:\/\/www.muricionline.com.br\/novo\/index.php?rest_route=\/wp\/v2\/posts"}],"about":[{"href":"http:\/\/www.muricionline.com.br\/novo\/index.php?rest_route=\/wp\/v2\/types\/post"}],"author":[{"embeddable":true,"href":"http:\/\/www.muricionline.com.br\/novo\/index.php?rest_route=\/wp\/v2\/users\/1"}],"replies":[{"embeddable":true,"href":"http:\/\/www.muricionline.com.br\/novo\/index.php?rest_route=%2Fwp%2Fv2%2Fcomments&post=21658"}],"version-history":[{"count":1,"href":"http:\/\/www.muricionline.com.br\/novo\/index.php?rest_route=\/wp\/v2\/posts\/21658\/revisions"}],"predecessor-version":[{"id":21661,"href":"http:\/\/www.muricionline.com.br\/novo\/index.php?rest_route=\/wp\/v2\/posts\/21658\/revisions\/21661"}],"wp:featuredmedia":[{"embeddable":true,"href":"http:\/\/www.muricionline.com.br\/novo\/index.php?rest_route=\/wp\/v2\/media\/21659"}],"wp:attachment":[{"href":"http:\/\/www.muricionline.com.br\/novo\/index.php?rest_route=%2Fwp%2Fv2%2Fmedia&parent=21658"}],"wp:term":[{"taxonomy":"category","embeddable":true,"href":"http:\/\/www.muricionline.com.br\/novo\/index.php?rest_route=%2Fwp%2Fv2%2Fcategories&post=21658"},{"taxonomy":"post_tag","embeddable":true,"href":"http:\/\/www.muricionline.com.br\/novo\/index.php?rest_route=%2Fwp%2Fv2%2Ftags&post=21658"}],"curies":[{"name":"wp","href":"https:\/\/api.w.org\/{rel}","templated":true}]}}