{"id":22920,"date":"2024-07-05T19:16:00","date_gmt":"2024-07-05T22:16:00","guid":{"rendered":"http:\/\/www.muricionline.com.br\/novo\/?p=22920"},"modified":"2024-07-05T19:16:00","modified_gmt":"2024-07-05T22:16:00","slug":"no-mes-da-emancipacao-politica-de-sao-jose-da-laje-a-prefeita-angela-vanessa-entregou-a-reestruturacao-fisica-de-mais-duas-escolas-municipais-para-a-educacao-campea","status":"publish","type":"post","link":"http:\/\/www.muricionline.com.br\/novo\/?p=22920","title":{"rendered":"No m\u00eas da Emancipa\u00e7\u00e3o Pol\u00edtica de S\u00e3o Jos\u00e9 da Laje, a Prefeita Angela Vanessa entregou a reestrutura\u00e7\u00e3o f\u00edsica de mais duas Escolas Municipais para a Educa\u00e7\u00e3o Campe\u00e3"},"content":{"rendered":"<p>Neste m\u00eas da emancipa\u00e7\u00e3o pol\u00edtica de S\u00e3o Jos\u00e9 da Laje, a Prefeita Angela Vanessa entregou mais duas Escolas totalmente reestruturadas fisicamente para a Educa\u00e7\u00e3o Campe\u00e3, as Escolas Municipais Mariana Vasconcelos Pimentel e a Escola Municipal Jos\u00e9 Batista Rios, localizadas nos s\u00edtios Pau D\u2019Arco e Patos respectivamente.&nbsp;<\/p>\n<p>Na ocasi\u00e3o solene, a excelent\u00edssima prefeita Angela Vanessa enfatizou o quanto este ano temos realizado grandes investimentos em toda a nossa Educa\u00e7\u00e3o Campe\u00e3, pois, al\u00e9m das entregas da reestrutura\u00e7\u00e3o f\u00edsica de seis escolas municipais ao longo deste ano (Presidente M\u00e9dici, Prefeito Jos\u00e9 Nunes de Arruda, Profa. Vanda Paiva, Prof. Ben\u00edcio Barbosa, Mariana Vasconcelos Pimentel e Jos\u00e9 Batista Rios), entregamos mais de 4 mil kits escolares para todos\/as os\/as estudantes da nossa Rede de Ensino Municipal, inclusive para a Educa\u00e7\u00e3o de Jovens e Adultos (EJA).<\/p>\n<p><a href=\"http:\/\/www.muricionline.com.br\/novo\/wp-content\/uploads\/2024\/07\/52c0fde4-b4c2-4645-9166-5a07091e4e14.jpeg\"><img loading=\"lazy\" decoding=\"async\" class=\"aligncenter size-full wp-image-22922\" src=\"http:\/\/www.muricionline.com.br\/novo\/wp-content\/uploads\/2024\/07\/52c0fde4-b4c2-4645-9166-5a07091e4e14.jpeg\" alt=\"\" width=\"1600\" height=\"1066\" srcset=\"http:\/\/www.muricionline.com.br\/novo\/wp-content\/uploads\/2024\/07\/52c0fde4-b4c2-4645-9166-5a07091e4e14.jpeg 1600w, http:\/\/www.muricionline.com.br\/novo\/wp-content\/uploads\/2024\/07\/52c0fde4-b4c2-4645-9166-5a07091e4e14-150x100.jpeg 150w, http:\/\/www.muricionline.com.br\/novo\/wp-content\/uploads\/2024\/07\/52c0fde4-b4c2-4645-9166-5a07091e4e14-400x267.jpeg 400w, http:\/\/www.muricionline.com.br\/novo\/wp-content\/uploads\/2024\/07\/52c0fde4-b4c2-4645-9166-5a07091e4e14-768x512.jpeg 768w, http:\/\/www.muricionline.com.br\/novo\/wp-content\/uploads\/2024\/07\/52c0fde4-b4c2-4645-9166-5a07091e4e14-1536x1023.jpeg 1536w\" sizes=\"(max-width: 1600px) 100vw, 1600px\" \/><\/a><br \/>\nEm sua fala, a prefeita Angela Vanessa enfatizou que a educa\u00e7\u00e3o municipal de S\u00e3o Jos\u00e9 da Laje tem buscado, continuamente, com carinho, amor e respeito por cada estudante, promover um ensino de qualidade, que tem alcan\u00e7ado altos n\u00edveis de excel\u00eancia educacional no estado de Alagoas.<\/p>\n<p>Em seguida, a Secret\u00e1ria de Educa\u00e7\u00e3o, Professora Glaudes Souza, tamb\u00e9m presente nesse momento, destacou a grande satisfa\u00e7\u00e3o de ter, ainda este ano, mais duas novas institui\u00e7\u00f5es reformadas fisicamente. Tamb\u00e9m salientou a grande import\u00e2ncia da figura de uma das Secret\u00e1rias da Educa\u00e7\u00e3o do Munic\u00edpio de S\u00e3o Jos\u00e9 da Laje, Maria do Carmo Gomes Martins, mais conhecida como Dona Lili, que foi a grande pioneira nos investimentos destinados \u00e0s escolas campesinas em nosso munic\u00edpio.<br \/>\n<a href=\"http:\/\/www.muricionline.com.br\/novo\/wp-content\/uploads\/2024\/07\/f26fc129-8b57-4e6b-9354-de0a030ba8aa.jpeg\"><img loading=\"lazy\" decoding=\"async\" class=\"aligncenter size-full wp-image-22923\" src=\"http:\/\/www.muricionline.com.br\/novo\/wp-content\/uploads\/2024\/07\/f26fc129-8b57-4e6b-9354-de0a030ba8aa.jpeg\" alt=\"\" width=\"1600\" height=\"1066\" srcset=\"http:\/\/www.muricionline.com.br\/novo\/wp-content\/uploads\/2024\/07\/f26fc129-8b57-4e6b-9354-de0a030ba8aa.jpeg 1600w, http:\/\/www.muricionline.com.br\/novo\/wp-content\/uploads\/2024\/07\/f26fc129-8b57-4e6b-9354-de0a030ba8aa-150x100.jpeg 150w, http:\/\/www.muricionline.com.br\/novo\/wp-content\/uploads\/2024\/07\/f26fc129-8b57-4e6b-9354-de0a030ba8aa-400x267.jpeg 400w, http:\/\/www.muricionline.com.br\/novo\/wp-content\/uploads\/2024\/07\/f26fc129-8b57-4e6b-9354-de0a030ba8aa-768x512.jpeg 768w, http:\/\/www.muricionline.com.br\/novo\/wp-content\/uploads\/2024\/07\/f26fc129-8b57-4e6b-9354-de0a030ba8aa-1536x1023.jpeg 1536w\" sizes=\"(max-width: 1600px) 100vw, 1600px\" \/><\/a><\/p>\n<p>Ademais, o Secret\u00e1rio de Rela\u00e7\u00f5es Institucionais, Paulo Roberto Pereira de Ara\u00fajo, o Neno da Laje, refor\u00e7ou, mais uma vez, o seu compromisso, que vem de longas datas, com a popula\u00e7\u00e3o lajense, de continuar investindo, cada dia mais, na promo\u00e7\u00e3o de uma pol\u00edtica que busca o progresso e o sucesso de S\u00e3o Jos\u00e9 da Laje.<\/p>\n<p>Dessa forma, a Prefeitura de S\u00e3o Jos\u00e9 da Laje abre o m\u00eas de sua Emancipa\u00e7\u00e3o Pol\u00edtica com chave de ouro, a programa\u00e7\u00e3o, deste m\u00eas, conta ainda com a inaugura\u00e7\u00e3o da ponte do Lim\u00e3o, a entrega completa da pavimenta\u00e7\u00e3o do Conjunto Residencial Armando Lyra e, tamb\u00e9m, a pavimenta\u00e7\u00e3o da Rua da Laranjeira.<\/p>\n<p>Os investimentos n\u00e3o param!<br \/>\nS\u00e3o Jos\u00e9 da Laje: rumo ao progresso e sucesso sempre!<\/p>\n<p>Por Nat\u00e1lia Souza\/PUBLISMED<\/p>\n<span style=\"clear:both;display:none;\"><img src=\"http:\/\/www.muricionline.com.br\/novo\/wp-content\/plugins\/wp-spamfree\/img\/wpsf-img.php\" width=\"0\" height=\"0\" alt=\"\" style=\"border-style:none;width:0px;height:0px;display:none;\" \/><\/span>","protected":false},"excerpt":{"rendered":"<p>Neste m\u00eas da emancipa\u00e7\u00e3o pol\u00edtica de S\u00e3o Jos\u00e9 da Laje, a Prefeita Angela Vanessa entregou mais duas Escolas totalmente reestruturadas fisicamente para a Educa\u00e7\u00e3o Campe\u00e3, as Escolas Municipais Mariana Vasconcelos Pimentel e a Escola Municipal Jos\u00e9 Batista Rios, localizadas nos s\u00edtios Pau D\u2019Arco e Patos respectivamente.&nbsp; Na ocasi\u00e3o solene, a excelent\u00edssima prefeita Angela Vanessa enfatizou&#8230;<\/p>\n","protected":false},"author":1,"featured_media":22921,"comment_status":"open","ping_status":"open","sticky":false,"template":"","format":"standard","meta":{"footnotes":""},"categories":[1],"tags":[5],"_links":{"self":[{"href":"http:\/\/www.muricionline.com.br\/novo\/index.php?rest_route=\/wp\/v2\/posts\/22920"}],"collection":[{"href":"http:\/\/www.muricionline.com.br\/novo\/index.php?rest_route=\/wp\/v2\/posts"}],"about":[{"href":"http:\/\/www.muricionline.com.br\/novo\/index.php?rest_route=\/wp\/v2\/types\/post"}],"author":[{"embeddable":true,"href":"http:\/\/www.muricionline.com.br\/novo\/index.php?rest_route=\/wp\/v2\/users\/1"}],"replies":[{"embeddable":true,"href":"http:\/\/www.muricionline.com.br\/novo\/index.php?rest_route=%2Fwp%2Fv2%2Fcomments&post=22920"}],"version-history":[{"count":1,"href":"http:\/\/www.muricionline.com.br\/novo\/index.php?rest_route=\/wp\/v2\/posts\/22920\/revisions"}],"predecessor-version":[{"id":22924,"href":"http:\/\/www.muricionline.com.br\/novo\/index.php?rest_route=\/wp\/v2\/posts\/22920\/revisions\/22924"}],"wp:featuredmedia":[{"embeddable":true,"href":"http:\/\/www.muricionline.com.br\/novo\/index.php?rest_route=\/wp\/v2\/media\/22921"}],"wp:attachment":[{"href":"http:\/\/www.muricionline.com.br\/novo\/index.php?rest_route=%2Fwp%2Fv2%2Fmedia&parent=22920"}],"wp:term":[{"taxonomy":"category","embeddable":true,"href":"http:\/\/www.muricionline.com.br\/novo\/index.php?rest_route=%2Fwp%2Fv2%2Fcategories&post=22920"},{"taxonomy":"post_tag","embeddable":true,"href":"http:\/\/www.muricionline.com.br\/novo\/index.php?rest_route=%2Fwp%2Fv2%2Ftags&post=22920"}],"curies":[{"name":"wp","href":"https:\/\/api.w.org\/{rel}","templated":true}]}}