{"id":22939,"date":"2024-07-05T16:15:55","date_gmt":"2024-07-05T19:15:55","guid":{"rendered":"http:\/\/www.muricionline.com.br\/novo\/?p=22939"},"modified":"2024-07-09T09:53:58","modified_gmt":"2024-07-09T12:53:58","slug":"prefeitura-de-murici-e-sebrae-promovem-capacitacao-para-pequenos-empreendedores","status":"publish","type":"post","link":"http:\/\/www.muricionline.com.br\/novo\/?p=22939","title":{"rendered":"Prefeitura de Murici e Sebrae promovem capacita\u00e7\u00e3o para pequenos empreendedores"},"content":{"rendered":"<p>Uma parceria entre a Prefeitura de Murici e o Servi\u00e7o Brasileiro de Apoio \u00e0s Micro e Pequenas Empresas (Sebrae) vai proporcionar uma qualifica\u00e7\u00e3o para empreendedores locais que desejam se aperfei\u00e7oar.<\/p>\n<p>A &#8220;Oficina de Marketing Digital para Pequenos Neg\u00f3cios&#8221; chega ao munic\u00edpio com o objetivo de proporcionar aos participantes conhecimentos e estrat\u00e9gias para potencializar suas marcas no ambiente digital, contribuindo para o crescimento e sucesso dos pequenos neg\u00f3cios na regi\u00e3o.<\/p>\n<p>A inscri\u00e7\u00e3o \u00e9 gratuita e os interessados poder\u00e3o se inscrever na Sala do Empreendedor ou por meio da plataforma Doity. O evento ter\u00e1 in\u00edcio no dia 8 de julho e se estender\u00e1 at\u00e9 o dia 10, das 19h \u00e0s 22h, no Audit\u00f3rio da Secretaria de Educa\u00e7\u00e3o em Murici<\/p>\n<p>Entre os m\u00f3dulos oferecidos est\u00e3o:<\/p>\n<p>\u2022 Do tradicional ao digital<br \/>\n\u2022 Conhecendo o Inbound Marketing<br \/>\n\u2022 Estudo de personas<br \/>\n\u2022 Planejamento de conte\u00fado<br \/>\n\u2022 Conhecendo o modelo AIDA<br \/>\n\u2022 Redes Sociais<br \/>\n\u2022 Dicas e ferramentas para alavancar seu neg\u00f3cio nas redes<\/p>\n<p>Por &nbsp;Zona10 com Assessoria PM Murici<\/p>\n<p>\ud83d\udcf8: Reprodu\u00e7\u00e3o&nbsp;<\/p>\n<span style=\"clear:both;display:none;\"><img src=\"http:\/\/www.muricionline.com.br\/novo\/wp-content\/plugins\/wp-spamfree\/img\/wpsf-img.php\" width=\"0\" height=\"0\" alt=\"\" style=\"border-style:none;width:0px;height:0px;display:none;\" \/><\/span>","protected":false},"excerpt":{"rendered":"<p>Uma parceria entre a Prefeitura de Murici e o Servi\u00e7o Brasileiro de Apoio \u00e0s Micro e Pequenas Empresas (Sebrae) vai proporcionar uma qualifica\u00e7\u00e3o para empreendedores locais que desejam se aperfei\u00e7oar. A &#8220;Oficina de Marketing Digital para Pequenos Neg\u00f3cios&#8221; chega ao munic\u00edpio com o objetivo de proporcionar aos participantes conhecimentos e estrat\u00e9gias para potencializar suas marcas&#8230;<\/p>\n","protected":false},"author":1,"featured_media":22940,"comment_status":"open","ping_status":"open","sticky":false,"template":"","format":"standard","meta":{"footnotes":""},"categories":[1],"tags":[5],"_links":{"self":[{"href":"http:\/\/www.muricionline.com.br\/novo\/index.php?rest_route=\/wp\/v2\/posts\/22939"}],"collection":[{"href":"http:\/\/www.muricionline.com.br\/novo\/index.php?rest_route=\/wp\/v2\/posts"}],"about":[{"href":"http:\/\/www.muricionline.com.br\/novo\/index.php?rest_route=\/wp\/v2\/types\/post"}],"author":[{"embeddable":true,"href":"http:\/\/www.muricionline.com.br\/novo\/index.php?rest_route=\/wp\/v2\/users\/1"}],"replies":[{"embeddable":true,"href":"http:\/\/www.muricionline.com.br\/novo\/index.php?rest_route=%2Fwp%2Fv2%2Fcomments&post=22939"}],"version-history":[{"count":1,"href":"http:\/\/www.muricionline.com.br\/novo\/index.php?rest_route=\/wp\/v2\/posts\/22939\/revisions"}],"predecessor-version":[{"id":22941,"href":"http:\/\/www.muricionline.com.br\/novo\/index.php?rest_route=\/wp\/v2\/posts\/22939\/revisions\/22941"}],"wp:featuredmedia":[{"embeddable":true,"href":"http:\/\/www.muricionline.com.br\/novo\/index.php?rest_route=\/wp\/v2\/media\/22940"}],"wp:attachment":[{"href":"http:\/\/www.muricionline.com.br\/novo\/index.php?rest_route=%2Fwp%2Fv2%2Fmedia&parent=22939"}],"wp:term":[{"taxonomy":"category","embeddable":true,"href":"http:\/\/www.muricionline.com.br\/novo\/index.php?rest_route=%2Fwp%2Fv2%2Fcategories&post=22939"},{"taxonomy":"post_tag","embeddable":true,"href":"http:\/\/www.muricionline.com.br\/novo\/index.php?rest_route=%2Fwp%2Fv2%2Ftags&post=22939"}],"curies":[{"name":"wp","href":"https:\/\/api.w.org\/{rel}","templated":true}]}}