{"id":22960,"date":"2024-07-12T10:06:54","date_gmt":"2024-07-12T13:06:54","guid":{"rendered":"http:\/\/www.muricionline.com.br\/novo\/?p=22960"},"modified":"2024-07-16T08:08:51","modified_gmt":"2024-07-16T11:08:51","slug":"governo-entrega-reforma-de-escola-centenaria-a-populacao-pilarense","status":"publish","type":"post","link":"http:\/\/www.muricionline.com.br\/novo\/?p=22960","title":{"rendered":"Governo entrega reforma de escola centen\u00e1ria \u00e0 popula\u00e7\u00e3o pilarense"},"content":{"rendered":"<p>O Governo de Alagoas segue transformando e qualificando os ambientes escolares em todo o estado. Nesta sexta-feira (12), a popula\u00e7\u00e3o pilarense recebeu da secret\u00e1ria de Estado da Educa\u00e7\u00e3o, Roseane Vasconcelos, mais uma obra: a entrega da tradicional e centen\u00e1ria Escola Estadual Oliveira e Silva. A hist\u00f3rica institui\u00e7\u00e3o de ensino, que integra a 12\u00aa Ger\u00eancia Especial de Educa\u00e7\u00e3o (GEE), foi totalmente renovada, beneficiando 70 servidores e 460 estudantes com ensino m\u00e9dio integral e na modalidade Educa\u00e7\u00e3o de Jovens e Adultos (EJA Modular).<\/p>\n<p>Com um investimento de R$ 975.103,54, a reforma gerou cerca de 25 empregos diretos e indiretos na fase de constru\u00e7\u00e3o, contemplando os seguintes servi\u00e7os: revitaliza\u00e7\u00e3o da quadra esportiva com constru\u00e7\u00e3o de vesti\u00e1rios; revis\u00e3o na cobertura completa; revis\u00e3o e manuten\u00e7\u00e3o nos banheiros; revis\u00e3o e substitui\u00e7\u00e3o das esquadrias; reforma e amplia\u00e7\u00e3o da cozinha; instala\u00e7\u00e3o dos aparelhos de condicionadores de ar; revis\u00e3o da rede el\u00e9trica; pintura geral; fachada e placa de identifica\u00e7\u00e3o; e revis\u00e3o da rede hidrossanit\u00e1ria.<\/p>\n<p><img decoding=\"async\" src=\"http:\/\/alagoas.al.gov.br\/imagens\/conteudos\/13de67207835afac32b8cec79edd71b7\/\/10072024-%20Escola%20Oliveira%20e%20Silva%20_Cortesia%20(1).jfif\"><\/p>\n<p>A unidade conta com infraestrutura completa: espa\u00e7os de conv\u00edvio, secretaria, diretoria, coordena\u00e7\u00e3o, sala de leitura, laborat\u00f3rio de inform\u00e1tica, nove salas de aula, almoxarifado, sala dos professores, cozinha, despensa, dep\u00f3sito, \u00e1rea de servi\u00e7o, refeit\u00f3rio, p\u00e1tio coberto, audit\u00f3rio e banheiros.<\/p>\n<p><b>Centen\u00e1rio<\/b><\/p>\n<p>Fundada em 1924, a unidade recebeu este nome em homenagem ao tio do jornalista pilarense e ex-governador de Alagoas Pedro da Costa R\u00eago, e \u00e9 considerada uma das mais tradicionais do munic\u00edpio, formando diversas gera\u00e7\u00f5es de pilarenses ilustres.&nbsp;<\/p>\n<p><img decoding=\"async\" src=\"http:\/\/alagoas.al.gov.br\/imagens\/conteudos\/13de67207835afac32b8cec79edd71b7\/\/11072024-%20EScola%20Oliveira%20e%20Silva,%20Pilar-Cortesia%20(8).jfif\"><\/p>\n<p>Nestes cem anos de hist\u00f3ria, a escola continua destacando-se pelo ensino ofertado, sempre primando pela qualidade e incentivo ao protagonismo estudantil, levando a C\u00e2mara Municipal de Pilar a aprovar uma Mo\u00e7\u00e3o de Aplauso, em 2023, em reconhecimento \u00e0 melhoria dos \u00edndices educacionais e \u00e0 import\u00e2ncia da Escola Oliveira e Silva para a comunidade pilarense 2023.<\/p>\n<p>Dentre as recentes conquistas, merecem destaque a participa\u00e7\u00e3o na edi\u00e7\u00e3o 2023 do Encontro Estudantil da Rede Estadual de Ensino, com 10 trabalhos inscritos, al\u00e9m da participa\u00e7\u00e3o em programas como o Daqui pra o Mundo, estudante como porta-voz do Instituto Natura, que apoia a expans\u00e3o do ensino m\u00e9dio integral, e a participa\u00e7\u00e3o de quatro alunos inscritos no programa Parlamento Jovem Brasileiro, sendo semifinalista no programa Jovem Embaixador, al\u00e9m de campe\u00e3 do concurso de reda\u00e7\u00e3o para representar a 12\u00aa Ger\u00eancia Especial de Educa\u00e7\u00e3o (GEE) no Desfile C\u00edvico da Emancipa\u00e7\u00e3o Pol\u00edtica de Alagoas, em 2022 e 2023.<\/p>\n<p>Al\u00e9m da Oliveira e Silva, Pilar conta ainda com outras duas unidades da rede estadual: a Professor Arthur Ramos e a Valdecy Gomes de Vasconcelos. Somadas, elas beneficiam 1.785 alunos no munic\u00edpio. J\u00e1 a 12\u00aa GEE, que responde por nove cidades &#8211; Pilar, Santa Luzia do Norte, Coqueiro Seco, Satuba, Rio Largo, Messias, Flexeiras, Joaquim Gomes e Novo Lino &#8211; , atende 11.854 estudantes.<\/p>\n<p>Com Ag\u00eancia Alagoas&nbsp;<\/p>\n<span style=\"clear:both;display:none;\"><img src=\"http:\/\/www.muricionline.com.br\/novo\/wp-content\/plugins\/wp-spamfree\/img\/wpsf-img.php\" width=\"0\" height=\"0\" alt=\"\" style=\"border-style:none;width:0px;height:0px;display:none;\" \/><\/span>","protected":false},"excerpt":{"rendered":"<p>O Governo de Alagoas segue transformando e qualificando os ambientes escolares em todo o estado. Nesta sexta-feira (12), a popula\u00e7\u00e3o pilarense recebeu da secret\u00e1ria de Estado da Educa\u00e7\u00e3o, Roseane Vasconcelos, mais uma obra: a entrega da tradicional e centen\u00e1ria Escola Estadual Oliveira e Silva. A hist\u00f3rica institui\u00e7\u00e3o de ensino, que integra a 12\u00aa Ger\u00eancia Especial&#8230;<\/p>\n","protected":false},"author":1,"featured_media":22961,"comment_status":"open","ping_status":"open","sticky":false,"template":"","format":"standard","meta":{"footnotes":""},"categories":[1],"tags":[5],"_links":{"self":[{"href":"http:\/\/www.muricionline.com.br\/novo\/index.php?rest_route=\/wp\/v2\/posts\/22960"}],"collection":[{"href":"http:\/\/www.muricionline.com.br\/novo\/index.php?rest_route=\/wp\/v2\/posts"}],"about":[{"href":"http:\/\/www.muricionline.com.br\/novo\/index.php?rest_route=\/wp\/v2\/types\/post"}],"author":[{"embeddable":true,"href":"http:\/\/www.muricionline.com.br\/novo\/index.php?rest_route=\/wp\/v2\/users\/1"}],"replies":[{"embeddable":true,"href":"http:\/\/www.muricionline.com.br\/novo\/index.php?rest_route=%2Fwp%2Fv2%2Fcomments&post=22960"}],"version-history":[{"count":1,"href":"http:\/\/www.muricionline.com.br\/novo\/index.php?rest_route=\/wp\/v2\/posts\/22960\/revisions"}],"predecessor-version":[{"id":22962,"href":"http:\/\/www.muricionline.com.br\/novo\/index.php?rest_route=\/wp\/v2\/posts\/22960\/revisions\/22962"}],"wp:featuredmedia":[{"embeddable":true,"href":"http:\/\/www.muricionline.com.br\/novo\/index.php?rest_route=\/wp\/v2\/media\/22961"}],"wp:attachment":[{"href":"http:\/\/www.muricionline.com.br\/novo\/index.php?rest_route=%2Fwp%2Fv2%2Fmedia&parent=22960"}],"wp:term":[{"taxonomy":"category","embeddable":true,"href":"http:\/\/www.muricionline.com.br\/novo\/index.php?rest_route=%2Fwp%2Fv2%2Fcategories&post=22960"},{"taxonomy":"post_tag","embeddable":true,"href":"http:\/\/www.muricionline.com.br\/novo\/index.php?rest_route=%2Fwp%2Fv2%2Ftags&post=22960"}],"curies":[{"name":"wp","href":"https:\/\/api.w.org\/{rel}","templated":true}]}}