{"id":22973,"date":"2024-07-28T17:08:51","date_gmt":"2024-07-28T20:08:51","guid":{"rendered":"http:\/\/www.muricionline.com.br\/novo\/?p=22973"},"modified":"2024-08-05T07:41:39","modified_gmt":"2024-08-05T10:41:39","slug":"mdb-oficializa-candidatura-de-eduardo-bulhoes-a-prefeitura-de-santana-na-maior-convencao-da-historia","status":"publish","type":"post","link":"http:\/\/www.muricionline.com.br\/novo\/?p=22973","title":{"rendered":"MDB oficializa candidatura de Eduardo Bulh\u00f5es \u00e0 Prefeitura de Santana na maior conven\u00e7\u00e3o da hist\u00f3ria"},"content":{"rendered":"<p>O Movimento Democr\u00e1tico Brasileiro (MDB) oficializou neste s\u00e1bado (27), a candidatura de Eduardo Bulh\u00f5es \u00e0 Prefeitura de Santana do Ipanema. Ele ser\u00e1 candidato na chapa com M\u00e1rio do Laborat\u00f3rio (MDB) como vice, liderando a coliga\u00e7\u00e3o &#8220;Santana Cada Vez Melhor\u201d, a qual re\u00fane os partidos PT, PSB, PSD e PDT. A alian\u00e7a ter\u00e1 36 candidatos a vereador.<\/p>\n<p>A conven\u00e7\u00e3o partid\u00e1ria contou com as presen\u00e7as dos deputados Isnaldo Bulh\u00f5es e Remi Calheiros, da atual prefeita do munic\u00edpio, Christiane Bulh\u00f5es, da ex-prefeita Renilde Bulh\u00f5es e de forma virtual, do governador de Alagoas, Paulo Dantas, do senador Renan Calheiros, do presidente nacional do MDB, Baleia Rossi, dos ministros Renan Filho e Jader Filho e da presidente Estadual do MDB Mulher, Juliana Almeida.<\/p>\n<p>Eduardo Bulh\u00f5es \u00e9 formado em administra\u00e7\u00e3o e trabalhou no Servi\u00e7o Brasileiro de Apoio \u00e0s Micro e Pequenas Empresas (Sebrae Nacional) e na Companhia Brasileira de Trens Urbanos (CBTU). Ele traz o sobrenome de uma fam\u00edlia que tem uma hist\u00f3ria de muito trabalho que promoveu o desenvolvimento de Santana do Ipanema, principal cidade do sert\u00e3o de alagoas.<\/p>\n<p>Com um novo \u00edmpeto, preparo, uma abordagem inovadora e uma vis\u00e3o de futuro, Eduardo Bulh\u00f5es representa a promessa de um novo cap\u00edtulo na hist\u00f3ria pol\u00edtica de Santana do Ipanema, guiado pelos valores de sua fam\u00edlia e pelo desejo de fazer o que seu av\u00f4, o saudoso prefeito Isnaldo Bulh\u00f5es ensinou, que \u00e9 amar e cuidar dos santanenses.<\/p>\n<p>Em seu discurso, Eduardo falou que vai trabalhar para superar a prefeita Christiane Bulh\u00f5es, tida pela popula\u00e7\u00e3o como a maior prefeita da hist\u00f3ria do munic\u00edpio. Ele lembrou que para isto, vai contar com o apoio dela, como tamb\u00e9m dos deputados Isnaldo e Remi, senadores Renan e Fernando Farias, ministros Renan Filho e Jader Filho do governador Paulo Dantas e do povo santanense.<\/p>\n<p>Ele falou que uma de suas virtudes \u00e9 ouvir, e assim tem feito ao encontrar o povo, principalmente ouvir o que precisa ser feito para melhorar, e claro, manter o que est\u00e1 dando certo. Como tamb\u00e9m colocar a tecnologia e a inova\u00e7\u00e3o para trazer solu\u00e7\u00f5es criativas para os desafios do dia a dia e uma gest\u00e3o eficiente, que aproxima cada vez mais os servi\u00e7os da popula\u00e7\u00e3o.<\/p>\n<p>\u201cVamos a luta e vamos a vit\u00f3ria. Estou pronto, preparado e querendo\u201d, finalizou.<\/p>\n<span style=\"clear:both;display:none;\"><img src=\"http:\/\/www.muricionline.com.br\/novo\/wp-content\/plugins\/wp-spamfree\/img\/wpsf-img.php\" width=\"0\" height=\"0\" alt=\"\" style=\"border-style:none;width:0px;height:0px;display:none;\" \/><\/span>","protected":false},"excerpt":{"rendered":"<p>O Movimento Democr\u00e1tico Brasileiro (MDB) oficializou neste s\u00e1bado (27), a candidatura de Eduardo Bulh\u00f5es \u00e0 Prefeitura de Santana do Ipanema. Ele ser\u00e1 candidato na chapa com M\u00e1rio do Laborat\u00f3rio (MDB) como vice, liderando a coliga\u00e7\u00e3o &#8220;Santana Cada Vez Melhor\u201d, a qual re\u00fane os partidos PT, PSB, PSD e PDT. A alian\u00e7a ter\u00e1 36 candidatos a&#8230;<\/p>\n","protected":false},"author":1,"featured_media":22974,"comment_status":"open","ping_status":"open","sticky":false,"template":"","format":"standard","meta":{"footnotes":""},"categories":[1],"tags":[5],"_links":{"self":[{"href":"http:\/\/www.muricionline.com.br\/novo\/index.php?rest_route=\/wp\/v2\/posts\/22973"}],"collection":[{"href":"http:\/\/www.muricionline.com.br\/novo\/index.php?rest_route=\/wp\/v2\/posts"}],"about":[{"href":"http:\/\/www.muricionline.com.br\/novo\/index.php?rest_route=\/wp\/v2\/types\/post"}],"author":[{"embeddable":true,"href":"http:\/\/www.muricionline.com.br\/novo\/index.php?rest_route=\/wp\/v2\/users\/1"}],"replies":[{"embeddable":true,"href":"http:\/\/www.muricionline.com.br\/novo\/index.php?rest_route=%2Fwp%2Fv2%2Fcomments&post=22973"}],"version-history":[{"count":1,"href":"http:\/\/www.muricionline.com.br\/novo\/index.php?rest_route=\/wp\/v2\/posts\/22973\/revisions"}],"predecessor-version":[{"id":22975,"href":"http:\/\/www.muricionline.com.br\/novo\/index.php?rest_route=\/wp\/v2\/posts\/22973\/revisions\/22975"}],"wp:featuredmedia":[{"embeddable":true,"href":"http:\/\/www.muricionline.com.br\/novo\/index.php?rest_route=\/wp\/v2\/media\/22974"}],"wp:attachment":[{"href":"http:\/\/www.muricionline.com.br\/novo\/index.php?rest_route=%2Fwp%2Fv2%2Fmedia&parent=22973"}],"wp:term":[{"taxonomy":"category","embeddable":true,"href":"http:\/\/www.muricionline.com.br\/novo\/index.php?rest_route=%2Fwp%2Fv2%2Fcategories&post=22973"},{"taxonomy":"post_tag","embeddable":true,"href":"http:\/\/www.muricionline.com.br\/novo\/index.php?rest_route=%2Fwp%2Fv2%2Ftags&post=22973"}],"curies":[{"name":"wp","href":"https:\/\/api.w.org\/{rel}","templated":true}]}}