{"id":23108,"date":"2024-09-17T11:04:17","date_gmt":"2024-09-17T14:04:17","guid":{"rendered":"http:\/\/www.muricionline.com.br\/novo\/?p=23108"},"modified":"2024-09-17T11:04:17","modified_gmt":"2024-09-17T14:04:17","slug":"25-anos-de-tradicao-400-romeiros-de-branquinha-vao-ao-juazeiro-do-norte","status":"publish","type":"post","link":"http:\/\/www.muricionline.com.br\/novo\/?p=23108","title":{"rendered":"25 anos de tradi\u00e7\u00e3o: 400 romeiros de Branquinha v\u00e3o ao Juazeiro do Norte"},"content":{"rendered":"<p>Como parte de uma tradi\u00e7\u00e3o religiosa que j\u00e1 dura 25 anos, cerca de 400 romeiros da cidade de Branquinha, realizaram uma viagem at\u00e9 a cidade de Juazeiro do Norte, no Cear\u00e1.<\/p>\n<p>Com a presen\u00e7a do prefeito Neno Freitas e da primeira-dama, Renata Freitas, o grupo participou de uma intensa programa\u00e7\u00e3o religiosa na cidade de Padre C\u00edcero Rom\u00e3o, que contou com missa, prociss\u00e3o e a tradicional visita ao Alto do Horto, onde est\u00e1 localizada a imagem do Santo do Nordeste.<\/p>\n<p>\u201cVisitar a terra do nosso padre C\u00edcero \u00e9 sempre muito especial; e, h\u00e1 mais de duas d\u00e9cadas, promovemos essa integra\u00e7\u00e3o emocionante, onde junto aos 400 romeiros, vivenciamos dias de muita devo\u00e7\u00e3o e alegria. Com as ben\u00e7\u00e3os do nosso \u2018padin\u2019, retornamos a Branquinha com nossa f\u00e9 renovada e crendo que nossas preces ser\u00e3o atendidas\u201d, afirmou o prefeito Neno Freitas.<\/p>\n<p>Com Assessoria&nbsp;<\/p>\n<span style=\"clear:both;display:none;\"><img src=\"http:\/\/www.muricionline.com.br\/novo\/wp-content\/plugins\/wp-spamfree\/img\/wpsf-img.php\" width=\"0\" height=\"0\" alt=\"\" style=\"border-style:none;width:0px;height:0px;display:none;\" \/><\/span>","protected":false},"excerpt":{"rendered":"<p>Como parte de uma tradi\u00e7\u00e3o religiosa que j\u00e1 dura 25 anos, cerca de 400 romeiros da cidade de Branquinha, realizaram uma viagem at\u00e9 a cidade de Juazeiro do Norte, no Cear\u00e1. Com a presen\u00e7a do prefeito Neno Freitas e da primeira-dama, Renata Freitas, o grupo participou de uma intensa programa\u00e7\u00e3o religiosa na cidade de Padre&#8230;<\/p>\n","protected":false},"author":1,"featured_media":23109,"comment_status":"open","ping_status":"open","sticky":false,"template":"","format":"standard","meta":{"footnotes":""},"categories":[1],"tags":[5],"_links":{"self":[{"href":"http:\/\/www.muricionline.com.br\/novo\/index.php?rest_route=\/wp\/v2\/posts\/23108"}],"collection":[{"href":"http:\/\/www.muricionline.com.br\/novo\/index.php?rest_route=\/wp\/v2\/posts"}],"about":[{"href":"http:\/\/www.muricionline.com.br\/novo\/index.php?rest_route=\/wp\/v2\/types\/post"}],"author":[{"embeddable":true,"href":"http:\/\/www.muricionline.com.br\/novo\/index.php?rest_route=\/wp\/v2\/users\/1"}],"replies":[{"embeddable":true,"href":"http:\/\/www.muricionline.com.br\/novo\/index.php?rest_route=%2Fwp%2Fv2%2Fcomments&post=23108"}],"version-history":[{"count":1,"href":"http:\/\/www.muricionline.com.br\/novo\/index.php?rest_route=\/wp\/v2\/posts\/23108\/revisions"}],"predecessor-version":[{"id":23110,"href":"http:\/\/www.muricionline.com.br\/novo\/index.php?rest_route=\/wp\/v2\/posts\/23108\/revisions\/23110"}],"wp:featuredmedia":[{"embeddable":true,"href":"http:\/\/www.muricionline.com.br\/novo\/index.php?rest_route=\/wp\/v2\/media\/23109"}],"wp:attachment":[{"href":"http:\/\/www.muricionline.com.br\/novo\/index.php?rest_route=%2Fwp%2Fv2%2Fmedia&parent=23108"}],"wp:term":[{"taxonomy":"category","embeddable":true,"href":"http:\/\/www.muricionline.com.br\/novo\/index.php?rest_route=%2Fwp%2Fv2%2Fcategories&post=23108"},{"taxonomy":"post_tag","embeddable":true,"href":"http:\/\/www.muricionline.com.br\/novo\/index.php?rest_route=%2Fwp%2Fv2%2Ftags&post=23108"}],"curies":[{"name":"wp","href":"https:\/\/api.w.org\/{rel}","templated":true}]}}