{"id":23111,"date":"2024-09-17T14:08:17","date_gmt":"2024-09-17T17:08:17","guid":{"rendered":"http:\/\/www.muricionline.com.br\/novo\/?p=23111"},"modified":"2024-09-17T14:08:17","modified_gmt":"2024-09-17T17:08:17","slug":"neno-da-laje-consolida-reeleicao-da-prefeita-angela-vanessa-mdb-uma-gestao-articulada-com-o-povo-diz","status":"publish","type":"post","link":"http:\/\/www.muricionline.com.br\/novo\/?p=23111","title":{"rendered":"Neno da Laje consolida reelei\u00e7\u00e3o da prefeita Angela Vanessa (MDB): &#8220;Uma gest\u00e3o articulada com o povo&#8221;, diz"},"content":{"rendered":"<p>A mobiliza\u00e7\u00e3o pol\u00edtica em defesa da candidatura de Angela Vanessa (reelei\u00e7\u00e3o), ganhou as ruas de S\u00e3o Jos\u00e9 da Laje, numa grande festa. Simpatizantes elegeram a capacidade pol\u00edtica do ex-prefeito, Paulo Roberto de Ara\u00fajo, Neno, como pe\u00e7a fundamental nessa trajet\u00f3ria, cuja vit\u00f3ria \u00e9 eminente. Neno se desataca por sua qualidade na constru\u00e7\u00e3o de alian\u00e7as com a C\u00e2mara Municipal, onde a maioria apoia a candidatura de Angela Vanessa-Ravena de Neno, vice.<\/p>\n<p>&#8220;O Neno tem sido aquela pessoa que nos d\u00e1 seguran\u00e7a, um ex-prefeito not\u00e1vel por conhecer a fundo o eleitorado de S\u00e3o Jos\u00e9 da Laje e principalmente seus advers\u00e1rios pol\u00edticos. Isso nos remete a uma vit\u00f3ria digna de quem no conjunto da obra, tem atua\u00e7\u00e3o importante nesse processo!&#8221;, destaca Marcos do Hospital, ex-presidente da C\u00e2mara de Vereadores de S\u00e3o Jos\u00e9 da Laje, e bem avaliado na sua reelei\u00e7\u00e3o.<\/p>\n<p><a href=\"http:\/\/www.muricionline.com.br\/novo\/wp-content\/uploads\/2024\/09\/43d9810c-083a-4800-bb76-947ba49b5a7a-scaled.jpeg\"><img loading=\"lazy\" decoding=\"async\" class=\"aligncenter size-full wp-image-23113\" src=\"http:\/\/www.muricionline.com.br\/novo\/wp-content\/uploads\/2024\/09\/43d9810c-083a-4800-bb76-947ba49b5a7a-scaled.jpeg\" alt=\"\" width=\"2560\" height=\"1707\" srcset=\"http:\/\/www.muricionline.com.br\/novo\/wp-content\/uploads\/2024\/09\/43d9810c-083a-4800-bb76-947ba49b5a7a-scaled.jpeg 2560w, http:\/\/www.muricionline.com.br\/novo\/wp-content\/uploads\/2024\/09\/43d9810c-083a-4800-bb76-947ba49b5a7a-150x100.jpeg 150w, http:\/\/www.muricionline.com.br\/novo\/wp-content\/uploads\/2024\/09\/43d9810c-083a-4800-bb76-947ba49b5a7a-400x267.jpeg 400w, http:\/\/www.muricionline.com.br\/novo\/wp-content\/uploads\/2024\/09\/43d9810c-083a-4800-bb76-947ba49b5a7a-768x512.jpeg 768w, http:\/\/www.muricionline.com.br\/novo\/wp-content\/uploads\/2024\/09\/43d9810c-083a-4800-bb76-947ba49b5a7a-1536x1024.jpeg 1536w, http:\/\/www.muricionline.com.br\/novo\/wp-content\/uploads\/2024\/09\/43d9810c-083a-4800-bb76-947ba49b5a7a-2048x1365.jpeg 2048w\" sizes=\"(max-width: 2560px) 100vw, 2560px\" \/><\/a><\/p>\n<p>No \u00faltimo domingo,15, apoiadores da candidata a prefeita do MDB, ganharam as ruas num clima de muita harmonia e astral elevado. Entre pol\u00edticos convidados, o filho mais ilustre de S\u00e3o Jos\u00e9 da Laje e presidente da Caixa Assist\u00eancia, com sede em Bras\u00edlia-DF, Rodrigo Valen\u00e7a. &#8220;\u00c9 preciso entender o sentimento do povo e, isso o ex-prefeito Neno da Laje sabe como ningu\u00e9m. Trata-se de uma pessoa vision\u00e1ria e que faz S\u00e3o Jos\u00e9 da Laje, ser um munic\u00edpio importante na Zona da Mata. A prefeita Angela Vanessa merece ser reeleita, por atuar de maneira firme, respeitando \u00e0s pessoas e empenhada em fazer a nossa cidade, cada vez melhor&#8221;, destacou Rodrigo Valen\u00e7a.<\/p>\n<p><a href=\"http:\/\/www.muricionline.com.br\/novo\/wp-content\/uploads\/2024\/09\/33a3cf36-e2e2-405a-9be9-15c49ec8466b-scaled.jpeg\"><img loading=\"lazy\" decoding=\"async\" class=\"aligncenter size-full wp-image-23114\" src=\"http:\/\/www.muricionline.com.br\/novo\/wp-content\/uploads\/2024\/09\/33a3cf36-e2e2-405a-9be9-15c49ec8466b-scaled.jpeg\" alt=\"\" width=\"2560\" height=\"1440\" srcset=\"http:\/\/www.muricionline.com.br\/novo\/wp-content\/uploads\/2024\/09\/33a3cf36-e2e2-405a-9be9-15c49ec8466b-scaled.jpeg 2560w, http:\/\/www.muricionline.com.br\/novo\/wp-content\/uploads\/2024\/09\/33a3cf36-e2e2-405a-9be9-15c49ec8466b-150x84.jpeg 150w, http:\/\/www.muricionline.com.br\/novo\/wp-content\/uploads\/2024\/09\/33a3cf36-e2e2-405a-9be9-15c49ec8466b-400x225.jpeg 400w, http:\/\/www.muricionline.com.br\/novo\/wp-content\/uploads\/2024\/09\/33a3cf36-e2e2-405a-9be9-15c49ec8466b-768x432.jpeg 768w, http:\/\/www.muricionline.com.br\/novo\/wp-content\/uploads\/2024\/09\/33a3cf36-e2e2-405a-9be9-15c49ec8466b-1536x864.jpeg 1536w, http:\/\/www.muricionline.com.br\/novo\/wp-content\/uploads\/2024\/09\/33a3cf36-e2e2-405a-9be9-15c49ec8466b-2048x1152.jpeg 2048w\" sizes=\"(max-width: 2560px) 100vw, 2560px\" \/><\/a><\/p>\n<p>&#8220;Muita gente diz que eu tenho um poder eminente; eu fa\u00e7o apenas valer a vontade da gente de minha terra. A prefeita Angela Vanessa, tem uma equipe determinada e que se identifica com sua maneira de administrar a cidade. Isso me deixa realizado, completamente&#8221;, disse Paulo Roberto Neno durante \u00e0 caminhada que reuniu mais de 4 mil pessoas pelas ruas de S\u00e3o Jos\u00e9 da Laje no \u00faltimo final de semana, de acordo com observadores pol\u00edticos do munic\u00edpio.<\/p>\n<p>Com Blog A Palavra<\/p>\n<span style=\"clear:both;display:none;\"><img src=\"http:\/\/www.muricionline.com.br\/novo\/wp-content\/plugins\/wp-spamfree\/img\/wpsf-img.php\" width=\"0\" height=\"0\" alt=\"\" style=\"border-style:none;width:0px;height:0px;display:none;\" \/><\/span>","protected":false},"excerpt":{"rendered":"<p>A mobiliza\u00e7\u00e3o pol\u00edtica em defesa da candidatura de Angela Vanessa (reelei\u00e7\u00e3o), ganhou as ruas de S\u00e3o Jos\u00e9 da Laje, numa grande festa. Simpatizantes elegeram a capacidade pol\u00edtica do ex-prefeito, Paulo Roberto de Ara\u00fajo, Neno, como pe\u00e7a fundamental nessa trajet\u00f3ria, cuja vit\u00f3ria \u00e9 eminente. Neno se desataca por sua qualidade na constru\u00e7\u00e3o de alian\u00e7as com a&#8230;<\/p>\n","protected":false},"author":1,"featured_media":23112,"comment_status":"open","ping_status":"open","sticky":false,"template":"","format":"standard","meta":{"footnotes":""},"categories":[1],"tags":[5],"_links":{"self":[{"href":"http:\/\/www.muricionline.com.br\/novo\/index.php?rest_route=\/wp\/v2\/posts\/23111"}],"collection":[{"href":"http:\/\/www.muricionline.com.br\/novo\/index.php?rest_route=\/wp\/v2\/posts"}],"about":[{"href":"http:\/\/www.muricionline.com.br\/novo\/index.php?rest_route=\/wp\/v2\/types\/post"}],"author":[{"embeddable":true,"href":"http:\/\/www.muricionline.com.br\/novo\/index.php?rest_route=\/wp\/v2\/users\/1"}],"replies":[{"embeddable":true,"href":"http:\/\/www.muricionline.com.br\/novo\/index.php?rest_route=%2Fwp%2Fv2%2Fcomments&post=23111"}],"version-history":[{"count":1,"href":"http:\/\/www.muricionline.com.br\/novo\/index.php?rest_route=\/wp\/v2\/posts\/23111\/revisions"}],"predecessor-version":[{"id":23115,"href":"http:\/\/www.muricionline.com.br\/novo\/index.php?rest_route=\/wp\/v2\/posts\/23111\/revisions\/23115"}],"wp:featuredmedia":[{"embeddable":true,"href":"http:\/\/www.muricionline.com.br\/novo\/index.php?rest_route=\/wp\/v2\/media\/23112"}],"wp:attachment":[{"href":"http:\/\/www.muricionline.com.br\/novo\/index.php?rest_route=%2Fwp%2Fv2%2Fmedia&parent=23111"}],"wp:term":[{"taxonomy":"category","embeddable":true,"href":"http:\/\/www.muricionline.com.br\/novo\/index.php?rest_route=%2Fwp%2Fv2%2Fcategories&post=23111"},{"taxonomy":"post_tag","embeddable":true,"href":"http:\/\/www.muricionline.com.br\/novo\/index.php?rest_route=%2Fwp%2Fv2%2Ftags&post=23111"}],"curies":[{"name":"wp","href":"https:\/\/api.w.org\/{rel}","templated":true}]}}