{"id":23128,"date":"2024-10-01T18:25:43","date_gmt":"2024-10-01T21:25:43","guid":{"rendered":"http:\/\/www.muricionline.com.br\/novo\/?p=23128"},"modified":"2024-10-02T09:27:44","modified_gmt":"2024-10-02T12:27:44","slug":"por-unanimidade-tre-nega-recurso-e-mantem-lula-veras-inelegivel","status":"publish","type":"post","link":"http:\/\/www.muricionline.com.br\/novo\/?p=23128","title":{"rendered":"Por unanimidade, TRE nega recurso e mant\u00e9m Lula Ver\u00e1s ineleg\u00edvel"},"content":{"rendered":"<p>O candidato a vereador por S\u00e3o Jos\u00e9 da Laje, Lula Veras, teve, nesta ter\u00e7a-feira (01\/10), o recurso de embargo de declara\u00e7\u00e3o julgado pelo TRE \u00e0 unanimidade de votos para indeferir o registro de candidatura do candidato do PL.<\/p>\n<p>Em julgamento no plen\u00e1rio do Tribunal Regional de Alagoas, o relator Alcides Gusm\u00e3o da Silva negou o provimento do recurso, que tamb\u00e9m foi acompanhado por cinco desembargadores, totalizando 6&#215;0 em desfavor do candidato Lula Ver\u00e1s.<\/p>\n<p>Os desembargadores entenderam que Lula Veras foi nomeado para o cargo em comiss\u00e3o no dia 01 de julho de 2024, conforme consta no Di\u00e1rio Oficial Eletr\u00f4nico da Assembleia Legislativa de Alagoas, permanecendo at\u00e9 momento posterior ao prazo m\u00e1ximo para a desincompatibiliza\u00e7\u00e3o, que deveria ter ocorrido at\u00e9 o dia 6 de julho de 2024, e assim, procede a inelegibilidade do embargante que foi reconhecida diante da aus\u00eancia de desincompatibiliza\u00e7\u00e3o.<\/p>\n<p>Processo refer\u00eancia: 0600149-93.2024.6.02.0016<\/p>\n<span style=\"clear:both;display:none;\"><img src=\"http:\/\/www.muricionline.com.br\/novo\/wp-content\/plugins\/wp-spamfree\/img\/wpsf-img.php\" width=\"0\" height=\"0\" alt=\"\" style=\"border-style:none;width:0px;height:0px;display:none;\" \/><\/span>","protected":false},"excerpt":{"rendered":"<p>O candidato a vereador por S\u00e3o Jos\u00e9 da Laje, Lula Veras, teve, nesta ter\u00e7a-feira (01\/10), o recurso de embargo de declara\u00e7\u00e3o julgado pelo TRE \u00e0 unanimidade de votos para indeferir o registro de candidatura do candidato do PL. Em julgamento no plen\u00e1rio do Tribunal Regional de Alagoas, o relator Alcides Gusm\u00e3o da Silva negou o&#8230;<\/p>\n","protected":false},"author":1,"featured_media":23129,"comment_status":"open","ping_status":"open","sticky":false,"template":"","format":"standard","meta":{"footnotes":""},"categories":[8],"tags":[],"_links":{"self":[{"href":"http:\/\/www.muricionline.com.br\/novo\/index.php?rest_route=\/wp\/v2\/posts\/23128"}],"collection":[{"href":"http:\/\/www.muricionline.com.br\/novo\/index.php?rest_route=\/wp\/v2\/posts"}],"about":[{"href":"http:\/\/www.muricionline.com.br\/novo\/index.php?rest_route=\/wp\/v2\/types\/post"}],"author":[{"embeddable":true,"href":"http:\/\/www.muricionline.com.br\/novo\/index.php?rest_route=\/wp\/v2\/users\/1"}],"replies":[{"embeddable":true,"href":"http:\/\/www.muricionline.com.br\/novo\/index.php?rest_route=%2Fwp%2Fv2%2Fcomments&post=23128"}],"version-history":[{"count":1,"href":"http:\/\/www.muricionline.com.br\/novo\/index.php?rest_route=\/wp\/v2\/posts\/23128\/revisions"}],"predecessor-version":[{"id":23130,"href":"http:\/\/www.muricionline.com.br\/novo\/index.php?rest_route=\/wp\/v2\/posts\/23128\/revisions\/23130"}],"wp:featuredmedia":[{"embeddable":true,"href":"http:\/\/www.muricionline.com.br\/novo\/index.php?rest_route=\/wp\/v2\/media\/23129"}],"wp:attachment":[{"href":"http:\/\/www.muricionline.com.br\/novo\/index.php?rest_route=%2Fwp%2Fv2%2Fmedia&parent=23128"}],"wp:term":[{"taxonomy":"category","embeddable":true,"href":"http:\/\/www.muricionline.com.br\/novo\/index.php?rest_route=%2Fwp%2Fv2%2Fcategories&post=23128"},{"taxonomy":"post_tag","embeddable":true,"href":"http:\/\/www.muricionline.com.br\/novo\/index.php?rest_route=%2Fwp%2Fv2%2Ftags&post=23128"}],"curies":[{"name":"wp","href":"https:\/\/api.w.org\/{rel}","templated":true}]}}