{"id":24223,"date":"2025-07-21T07:36:02","date_gmt":"2025-07-21T10:36:02","guid":{"rendered":"https:\/\/www.muricionline.com.br\/novo\/?p=24223"},"modified":"2025-07-21T07:36:02","modified_gmt":"2025-07-21T10:36:02","slug":"junior-menezes-adia-ida-ao-juazeiro-para-fortalecer-tradicao-da-missa-de-padre-cicero-em-uniao-dos-palmares","status":"publish","type":"post","link":"http:\/\/www.muricionline.com.br\/novo\/?p=24223","title":{"rendered":"Junior Menezes adia ida ao Juazeiro para fortalecer tradi\u00e7\u00e3o da Missa de Padre C\u00edcero em Uni\u00e3o dos Palmares"},"content":{"rendered":"<p>Com sensibilidade e respeito \u00e0 f\u00e9 do povo palmarino, o prefeito Junior Menezes tomou a decis\u00e3o de adiar sua tradicional romaria ao Juazeiro do Norte, que normalmente acontece na semana do anivers\u00e1rio de morte de Padre C\u00edcero, para incentivar a participa\u00e7\u00e3o dos romeiros locais na Missa em mem\u00f3ria ao santo popular, celebrada neste domingo, 20 de julho, na Pra\u00e7a Padre C\u00edcero, em Uni\u00e3o dos Palmares.<\/p>\n<p>Ao lado de seu pai, o ex-prefeito e presidente do DER, Iran Menezes, da primeira-dama Alane, dos vereadores Gustavo Pedrosa e Jurandir Camilo, do ex-prefeito Eduardo Pedrosa e tamb\u00e9m do ex-prefeito e atual presidente da Emater, Kil, Junior participou da celebra\u00e7\u00e3o com emo\u00e7\u00e3o e sentimento de gratid\u00e3o.<\/p>\n<p>\u201cPreferi ficar aqui, com o nosso povo, para valorizar esse momento t\u00e3o especial. Essa \u00e9 uma tradi\u00e7\u00e3o que atravessa gera\u00e7\u00f5es na minha fam\u00edlia, desde o tempo do meu av\u00f3 Deocl\u00e9cio Bento e do meu pai Iran, e quero que siga viva, com cada palmarino sentindo essa f\u00e9 de perto\u201d, afirmou o prefeito.<\/p>\n<p>A celebra\u00e7\u00e3o, conduzida pelo Padre George, reuniu milhares de fi\u00e9is e foi marcada por ora\u00e7\u00f5es, emo\u00e7\u00e3o e profunda devo\u00e7\u00e3o a Padre C\u00edcero. Junior destacou que a decis\u00e3o de permanecer em Uni\u00e3o neste momento foi pensada para fortalecer a express\u00e3o da f\u00e9 dentro do munic\u00edpio e valorizar as ra\u00edzes religiosas da cidade.<\/p>\n<p>A romaria ao Juazeiro do Norte, que tradicionalmente acontece na semana do 20 de julho \u2014 data da morte de Padre C\u00edcero \u2014, acontecer\u00e1 excepcionalmente na semana seguinte, com embarque marcado para a pr\u00f3xima quarta-feira, 23 de julho. Ao todo, a Prefeitura viabilizar\u00e1 o deslocamento de centenas de romeiros palmarinos com o apoio de 25 \u00f4nibus disponibilizados pela gest\u00e3o.<\/p>\n<p>\u201cA f\u00e9 do nosso povo \u00e9 viva, \u00e9 forte, e nos guia todos os dias. Vamos juntos, com coragem e esperan\u00e7a, sempre tocando pra frente\u201d, concluiu o prefeito.<\/p>\n<p>Por Assessoria&nbsp;<\/p>\n<span style=\"clear:both;display:none;\"><img src=\"http:\/\/www.muricionline.com.br\/novo\/wp-content\/plugins\/wp-spamfree\/img\/wpsf-img.php\" width=\"0\" height=\"0\" alt=\"\" style=\"border-style:none;width:0px;height:0px;display:none;\" \/><\/span>","protected":false},"excerpt":{"rendered":"<p>Com sensibilidade e respeito \u00e0 f\u00e9 do povo palmarino, o prefeito Junior Menezes tomou a decis\u00e3o de adiar sua tradicional romaria ao Juazeiro do Norte, que normalmente acontece na semana do anivers\u00e1rio de morte de Padre C\u00edcero, para incentivar a participa\u00e7\u00e3o dos romeiros locais na Missa em mem\u00f3ria ao santo popular, celebrada neste domingo, 20&#8230;<\/p>\n","protected":false},"author":1,"featured_media":24224,"comment_status":"open","ping_status":"open","sticky":false,"template":"","format":"standard","meta":{"footnotes":""},"categories":[1],"tags":[5],"_links":{"self":[{"href":"http:\/\/www.muricionline.com.br\/novo\/index.php?rest_route=\/wp\/v2\/posts\/24223"}],"collection":[{"href":"http:\/\/www.muricionline.com.br\/novo\/index.php?rest_route=\/wp\/v2\/posts"}],"about":[{"href":"http:\/\/www.muricionline.com.br\/novo\/index.php?rest_route=\/wp\/v2\/types\/post"}],"author":[{"embeddable":true,"href":"http:\/\/www.muricionline.com.br\/novo\/index.php?rest_route=\/wp\/v2\/users\/1"}],"replies":[{"embeddable":true,"href":"http:\/\/www.muricionline.com.br\/novo\/index.php?rest_route=%2Fwp%2Fv2%2Fcomments&post=24223"}],"version-history":[{"count":1,"href":"http:\/\/www.muricionline.com.br\/novo\/index.php?rest_route=\/wp\/v2\/posts\/24223\/revisions"}],"predecessor-version":[{"id":24225,"href":"http:\/\/www.muricionline.com.br\/novo\/index.php?rest_route=\/wp\/v2\/posts\/24223\/revisions\/24225"}],"wp:featuredmedia":[{"embeddable":true,"href":"http:\/\/www.muricionline.com.br\/novo\/index.php?rest_route=\/wp\/v2\/media\/24224"}],"wp:attachment":[{"href":"http:\/\/www.muricionline.com.br\/novo\/index.php?rest_route=%2Fwp%2Fv2%2Fmedia&parent=24223"}],"wp:term":[{"taxonomy":"category","embeddable":true,"href":"http:\/\/www.muricionline.com.br\/novo\/index.php?rest_route=%2Fwp%2Fv2%2Fcategories&post=24223"},{"taxonomy":"post_tag","embeddable":true,"href":"http:\/\/www.muricionline.com.br\/novo\/index.php?rest_route=%2Fwp%2Fv2%2Ftags&post=24223"}],"curies":[{"name":"wp","href":"https:\/\/api.w.org\/{rel}","templated":true}]}}