{"id":24234,"date":"2025-07-23T22:26:02","date_gmt":"2025-07-24T01:26:02","guid":{"rendered":"https:\/\/www.muricionline.com.br\/novo\/?p=24234"},"modified":"2025-07-23T22:26:02","modified_gmt":"2025-07-24T01:26:02","slug":"neno-da-laje-recebe-deputado-arthur-lira-em-sao-jose-da-laje-ao-lado-de-liderancas-e-consolida-parcerias-em-prol-da-cidade","status":"publish","type":"post","link":"http:\/\/www.muricionline.com.br\/novo\/?p=24234","title":{"rendered":"Neno da Laje recebe deputado Arthur Lira em S\u00e3o Jos\u00e9 da Laje ao lado de lideran\u00e7as e consolida parcerias em prol da cidade"},"content":{"rendered":"<p>Nesta ter\u00e7a-feira, 22, o l\u00edder pol\u00edtico de S\u00e3o Jos\u00e9 da Laje, Neno da Laje, recebeu a visita do ex-presidente da C\u00e2mara dos Deputados, Arthur Lira, no munic\u00edpio, onde ao lado da prefeita \u00c2ngela Vanessa, da vice-prefeita Ravena do Neno e outras lideran\u00e7as pol\u00edticas, consolidou ainda mais a parceria em prol do desenvolvimento. A visita contou tamb\u00e9m com a presen\u00e7a dos nove vereadores que fazem parte da atual legislatura na C\u00e2mara Municipal.<\/p>\n<p>O encontro refor\u00e7ou o alinhamento entre as lideran\u00e7as locais e o deputado Arthur Lira em torno de projetos estruturantes para o munic\u00edpio. Durante sua passagem pela cidade, Arthur Lira confirmou o envio de recursos para a requalifica\u00e7\u00e3o completa das ruas lajenses, com recapeamento asf\u00e1ltico em toda a malha vi\u00e1ria urbana. O deputado tamb\u00e9m assegurou verbas destinadas especificamente \u00e0 pavimenta\u00e7\u00e3o asf\u00e1ltica dos bairros Juriti e Conjunto Terezinha Ara\u00fajo, ampliando os investimentos em mobilidade e infraestrutura.<\/p>\n<p>A comitiva, liderada por Neno da Laje, aproveitou a ocasi\u00e3o para visitar obras em andamento que prometem transformar a paisagem urbana de S\u00e3o Jos\u00e9 da Laje, garantindo assim novos avan\u00e7os em prol da popula\u00e7\u00e3o lajense. Entre as principais interven\u00e7\u00f5es est\u00e3o:<\/p>\n<p>&#8211; A constru\u00e7\u00e3o de uma ponte em concreto armado sobre o rio Canhoto, com extens\u00e3o de 72 metros;<\/p>\n<p>&#8211; A instala\u00e7\u00e3o de cobertura met\u00e1lica no p\u00e1tio da feira livre;<\/p>\n<p>&#8211; A revitaliza\u00e7\u00e3o dos mercados p\u00fablicos municipais;<\/p>\n<p>&#8211; E a expans\u00e3o do sistema de tratamento de \u00e1gua da cidade.<\/p>\n<p>Al\u00e9m das a\u00e7\u00f5es em execu\u00e7\u00e3o, tamb\u00e9m foi momento de celebrar conquistas j\u00e1 entregues \u00e0 popula\u00e7\u00e3o, como:<\/p>\n<p>&#8211; A pavimenta\u00e7\u00e3o em paralelep\u00edpedo e a drenagem no Conjunto Habitacional Armando Lira;<\/p>\n<p>&#8211; A implanta\u00e7\u00e3o de asfalto no mesmo conjunto;<\/p>\n<p>&#8211; E a moderniza\u00e7\u00e3o do sistema de abastecimento de \u00e1gua que atende os moradores da regi\u00e3o.<\/p>\n<p>A visita de Arthur Lira refor\u00e7a o compromisso com o fortalecimento da infraestrutura de S\u00e3o Jos\u00e9 da Laje e marca uma etapa significativa na articula\u00e7\u00e3o de recursos e parcerias para o crescimento do munic\u00edpio. As a\u00e7\u00f5es em curso e os novos investimentos projetam melhorias concretas para o cotidiano da popula\u00e7\u00e3o lajense.<\/p>\n<p>Em suas redes sociais, a prefeita \u00c2ngela Vanessa, comentou sobre a visita de Arthur Lira em S\u00e3o Jos\u00e9 da Laje. \u201cHoje [ter\u00e7a] recebemos a visita do deputado @oficialarthurlira que veio acompanhado do seu filho @alvarolira! Ao lado do nosso l\u00edder @nenolaje, seguimos em caravana por toda S\u00e3o Jos\u00e9 da Laje, visitando obras em andamento, ouvindo a popula\u00e7\u00e3o e fortalecendo os la\u00e7os com quem acredita no progresso da nossa cidade. Um momento especial foi a visita \u00e0 obra da nova ponte do bairro Tijuca, que levar\u00e1 o nome do seu pai, o saudoso Senador Benedito de Lyra \u2014 uma justa homenagem a quem sempre defendeu o nosso povo\u201d.<\/p>\n<p>&nbsp;<\/p>\n<p>Com Assessoria&nbsp;<\/p>\n<span style=\"clear:both;display:none;\"><img src=\"http:\/\/www.muricionline.com.br\/novo\/wp-content\/plugins\/wp-spamfree\/img\/wpsf-img.php\" width=\"0\" height=\"0\" alt=\"\" style=\"border-style:none;width:0px;height:0px;display:none;\" \/><\/span>","protected":false},"excerpt":{"rendered":"<p>Nesta ter\u00e7a-feira, 22, o l\u00edder pol\u00edtico de S\u00e3o Jos\u00e9 da Laje, Neno da Laje, recebeu a visita do ex-presidente da C\u00e2mara dos Deputados, Arthur Lira, no munic\u00edpio, onde ao lado da prefeita \u00c2ngela Vanessa, da vice-prefeita Ravena do Neno e outras lideran\u00e7as pol\u00edticas, consolidou ainda mais a parceria em prol do desenvolvimento. A visita contou&#8230;<\/p>\n","protected":false},"author":1,"featured_media":24235,"comment_status":"open","ping_status":"open","sticky":false,"template":"","format":"standard","meta":{"footnotes":""},"categories":[1],"tags":[5],"_links":{"self":[{"href":"http:\/\/www.muricionline.com.br\/novo\/index.php?rest_route=\/wp\/v2\/posts\/24234"}],"collection":[{"href":"http:\/\/www.muricionline.com.br\/novo\/index.php?rest_route=\/wp\/v2\/posts"}],"about":[{"href":"http:\/\/www.muricionline.com.br\/novo\/index.php?rest_route=\/wp\/v2\/types\/post"}],"author":[{"embeddable":true,"href":"http:\/\/www.muricionline.com.br\/novo\/index.php?rest_route=\/wp\/v2\/users\/1"}],"replies":[{"embeddable":true,"href":"http:\/\/www.muricionline.com.br\/novo\/index.php?rest_route=%2Fwp%2Fv2%2Fcomments&post=24234"}],"version-history":[{"count":1,"href":"http:\/\/www.muricionline.com.br\/novo\/index.php?rest_route=\/wp\/v2\/posts\/24234\/revisions"}],"predecessor-version":[{"id":24236,"href":"http:\/\/www.muricionline.com.br\/novo\/index.php?rest_route=\/wp\/v2\/posts\/24234\/revisions\/24236"}],"wp:featuredmedia":[{"embeddable":true,"href":"http:\/\/www.muricionline.com.br\/novo\/index.php?rest_route=\/wp\/v2\/media\/24235"}],"wp:attachment":[{"href":"http:\/\/www.muricionline.com.br\/novo\/index.php?rest_route=%2Fwp%2Fv2%2Fmedia&parent=24234"}],"wp:term":[{"taxonomy":"category","embeddable":true,"href":"http:\/\/www.muricionline.com.br\/novo\/index.php?rest_route=%2Fwp%2Fv2%2Fcategories&post=24234"},{"taxonomy":"post_tag","embeddable":true,"href":"http:\/\/www.muricionline.com.br\/novo\/index.php?rest_route=%2Fwp%2Fv2%2Ftags&post=24234"}],"curies":[{"name":"wp","href":"https:\/\/api.w.org\/{rel}","templated":true}]}}