{"id":24237,"date":"2025-07-23T22:33:06","date_gmt":"2025-07-24T01:33:06","guid":{"rendered":"https:\/\/www.muricionline.com.br\/novo\/?p=24237"},"modified":"2025-07-23T22:33:06","modified_gmt":"2025-07-24T01:33:06","slug":"educacao-de-murici-inova-na-criacao-de-hortas-e-pomares-dentro-das-escolas-com-apoio-da-caritas-brasileira","status":"publish","type":"post","link":"http:\/\/www.muricionline.com.br\/novo\/?p=24237","title":{"rendered":"Educa\u00e7\u00e3o de Murici inova na cria\u00e7\u00e3o de hortas e pomares dentro das escolas com apoio da C\u00e1ritas brasileira"},"content":{"rendered":"<p>Em um esfor\u00e7o conjunto para fomentar a educa\u00e7\u00e3o ambiental e garantir o acesso \u00e0 \u00e1gua em comunidades escolares, o projeto &#8220;\u00c1gua para Educar&#8221; est\u00e1 implementando uma s\u00e9rie de a\u00e7\u00f5es em Murici. Seis unidades de ensino foram selecionadas para receber infraestruturas que promovem a capta\u00e7\u00e3o e o uso consciente da \u00e1gua, aliando teoria e pr\u00e1tica no dia a dia dos estudantes.<\/p>\n<p>Cada uma das seis escolas est\u00e1 sendo agraciada por meio de uma parceria com as C\u00e1ritas Brasileira, com uma cisterna, equipamento fundamental para o armazenamento de \u00e1gua da chuva. \u201cEssa medida visa n\u00e3o apenas otimizar o uso dos recursos h\u00eddricos, mas tamb\u00e9m proporcionar uma fonte alternativa e sustent\u00e1vel de \u00e1gua para as necessidades das institui\u00e7\u00f5es.<\/p>\n<p>Al\u00e9m das cisternas, o projeto vai al\u00e9m, incentivando a cria\u00e7\u00e3o de hortas e pomares dentro das escolas. \u201cEssa iniciativa permite que as crian\u00e7as aprendam, de forma l\u00fadica e pr\u00e1tica, sobre o ciclo da \u00e1gua, a import\u00e2ncia da agricultura sustent\u00e1vel e o cuidado com o meio ambiente. Cultivar alimentos na pr\u00f3pria escola, com o uso da \u00e1gua de reuso das cisternas, ensina li\u00e7\u00f5es valiosas sobre sustentabilidade, alimenta\u00e7\u00e3o saud\u00e1vel e responsabilidade ambiental\u201d, comentou a secret\u00e1ria da Educa\u00e7\u00e3o, V\u00e2nia Menezes.<\/p>\n<p>Educa\u00e7\u00e3o + Sustentabilidade: Transformando Vidas<\/p>\n<p>A parceria com a C\u00e1ritas Brasileira e o Projeto \u00c1gua para Educar em Murici representa um passo significativo para a conscientiza\u00e7\u00e3o ambiental das novas gera\u00e7\u00f5es. Ao proporcionar ferramentas e conhecimentos pr\u00e1ticos sobre a import\u00e2ncia da \u00e1gua e do meio ambiente, o projeto contribui diretamente para a forma\u00e7\u00e3o de cidad\u00e3os mais engajados e conscientes.<\/p>\n<p>&#8220;\u00c9 uma iniciativa que ensina, na pr\u00e1tica, a import\u00e2ncia da \u00e1gua e do cuidado com o meio ambiente. \u00c9 educa\u00e7\u00e3o + sustentabilidade transformando a vida das nossas crian\u00e7as!&#8221;, destaca um dos respons\u00e1veis pelo projeto. Essa abordagem integrada, que une o aprendizado em sala de aula com experi\u00eancias pr\u00e1ticas, refor\u00e7a o compromisso de Murici com um futuro mais sustent\u00e1vel e com a qualidade de vida de seus jovens. A implementa\u00e7\u00e3o das cisternas, hortas e pomares nas escolas de Murici \u00e9 um exemplo inspirador de como a colabora\u00e7\u00e3o entre diferentes entidades pode gerar um impacto positivo e duradouro na educa\u00e7\u00e3o e no desenvolvimento de uma comunidade.<\/p>\n<p>A C\u00e1ritas Brasileira, \u00e9 um organismo da CNBB presente em 200 pa\u00edses, atua na defesa dos direitos humanos e do desenvolvimento sustent\u00e1vel solid\u00e1rio na perspectiva de pol\u00edticas p\u00fablicas<\/p>\n<p>Por Edm\u00edlson Teixeira<\/p>\n<span style=\"clear:both;display:none;\"><img src=\"http:\/\/www.muricionline.com.br\/novo\/wp-content\/plugins\/wp-spamfree\/img\/wpsf-img.php\" width=\"0\" height=\"0\" alt=\"\" style=\"border-style:none;width:0px;height:0px;display:none;\" \/><\/span>","protected":false},"excerpt":{"rendered":"<p>Em um esfor\u00e7o conjunto para fomentar a educa\u00e7\u00e3o ambiental e garantir o acesso \u00e0 \u00e1gua em comunidades escolares, o projeto &#8220;\u00c1gua para Educar&#8221; est\u00e1 implementando uma s\u00e9rie de a\u00e7\u00f5es em Murici. Seis unidades de ensino foram selecionadas para receber infraestruturas que promovem a capta\u00e7\u00e3o e o uso consciente da \u00e1gua, aliando teoria e pr\u00e1tica no&#8230;<\/p>\n","protected":false},"author":1,"featured_media":24238,"comment_status":"open","ping_status":"open","sticky":false,"template":"","format":"standard","meta":{"footnotes":""},"categories":[1],"tags":[5],"_links":{"self":[{"href":"http:\/\/www.muricionline.com.br\/novo\/index.php?rest_route=\/wp\/v2\/posts\/24237"}],"collection":[{"href":"http:\/\/www.muricionline.com.br\/novo\/index.php?rest_route=\/wp\/v2\/posts"}],"about":[{"href":"http:\/\/www.muricionline.com.br\/novo\/index.php?rest_route=\/wp\/v2\/types\/post"}],"author":[{"embeddable":true,"href":"http:\/\/www.muricionline.com.br\/novo\/index.php?rest_route=\/wp\/v2\/users\/1"}],"replies":[{"embeddable":true,"href":"http:\/\/www.muricionline.com.br\/novo\/index.php?rest_route=%2Fwp%2Fv2%2Fcomments&post=24237"}],"version-history":[{"count":1,"href":"http:\/\/www.muricionline.com.br\/novo\/index.php?rest_route=\/wp\/v2\/posts\/24237\/revisions"}],"predecessor-version":[{"id":24239,"href":"http:\/\/www.muricionline.com.br\/novo\/index.php?rest_route=\/wp\/v2\/posts\/24237\/revisions\/24239"}],"wp:featuredmedia":[{"embeddable":true,"href":"http:\/\/www.muricionline.com.br\/novo\/index.php?rest_route=\/wp\/v2\/media\/24238"}],"wp:attachment":[{"href":"http:\/\/www.muricionline.com.br\/novo\/index.php?rest_route=%2Fwp%2Fv2%2Fmedia&parent=24237"}],"wp:term":[{"taxonomy":"category","embeddable":true,"href":"http:\/\/www.muricionline.com.br\/novo\/index.php?rest_route=%2Fwp%2Fv2%2Fcategories&post=24237"},{"taxonomy":"post_tag","embeddable":true,"href":"http:\/\/www.muricionline.com.br\/novo\/index.php?rest_route=%2Fwp%2Fv2%2Ftags&post=24237"}],"curies":[{"name":"wp","href":"https:\/\/api.w.org\/{rel}","templated":true}]}}