{"id":24240,"date":"2025-07-23T22:39:48","date_gmt":"2025-07-24T01:39:48","guid":{"rendered":"https:\/\/www.muricionline.com.br\/novo\/?p=24240"},"modified":"2025-07-23T22:39:48","modified_gmt":"2025-07-24T01:39:48","slug":"2-batalhao-da-policia-militar-celebra-89-anos-como-guardiao-da-zona-da-mata-alagoana","status":"publish","type":"post","link":"http:\/\/www.muricionline.com.br\/novo\/?p=24240","title":{"rendered":"2\u00b0 Batalh\u00e3o da Pol\u00edcia Militar celebra 89 anos como guardi\u00e3o da Zona da Mata Alagoana"},"content":{"rendered":"<p>A manh\u00e3 desta quarta-feira (23) foi de festa e homenagens a um dos batalh\u00f5es mais antigos da Pol\u00edcia Militar de Alagoas. Com sede no ber\u00e7o da resist\u00eancia de Zumbi dos Palmares, o 2\u00ba BPM celebrou 89 anos de hist\u00f3ria. A solenidade aconteceu no Centro Integrado de Seguran\u00e7a P\u00fablica (Cisp) de Uni\u00e3o dos Palmares e reuniu os respons\u00e1veis pelo passado de gl\u00f3ria e pelo presente de sucesso da unidade.<\/p>\n<p>O evento promoveu uma s\u00e9rie de homenagens e reconhecimentos a militares e membros da sociedade civil que ajudaram a tornar o batalh\u00e3o uma refer\u00eancia na seguran\u00e7a dos munic\u00edpios da Zona da Mata de Alagoas. Inicialmente, veteranos vivos e familiares dos j\u00e1 falecidos receberam as honras militares dos convidados presentes.<\/p>\n<p><img decoding=\"async\" src=\"http:\/\/alagoas.al.gov.br\/imagens\/conteudos\/f6d2646219b6546e04abe74aa31d6088\/\/aaaaaa%20(3).jpeg\"><\/p>\n<p>Os militares lotados na unidade que se destacaram nos campos administrativo e operacional tamb\u00e9m receberam certificados de reconhecimento pelo desempenho obtido ao longo do tempo, incluindo aqueles com a maior quantidade de Termos Circunstanciados de Ocorr\u00eancia (TCOs) lavrados e de armas de fogo apreendidas.<\/p>\n<p>Os comandantes que passaram pela unidade desde a mudan\u00e7a da sede para Uni\u00e3o dos Palmares estiveram em posi\u00e7\u00e3o de destaque para o reconhecimento dos convidados.<\/p>\n<p>A solenidade foi presidida pelo comandante-geral da PM, coronel Paulo Amorim, e contou com a presen\u00e7a de diversas autoridades civis e militares, incluindo prefeitos e vereadores dos munic\u00edpios da \u00e1rea de atua\u00e7\u00e3o do batalh\u00e3o.<\/p>\n<p><img decoding=\"async\" src=\"http:\/\/alagoas.al.gov.br\/imagens\/conteudos\/f6d2646219b6546e04abe74aa31d6088\/\/aaaaaa%20(5).jpeg\"><\/p>\n<p>Em seu discurso, o coronel Paulo Amorim destacou a import\u00e2ncia do batalh\u00e3o no combate \u00e0 criminalidade no interior do estado.<\/p>\n<p>\u201cO 2\u00ba Batalh\u00e3o representa uma parte essencial da hist\u00f3ria da Pol\u00edcia Militar de Alagoas. Ao longo de d\u00e9cadas, seus militares v\u00eam prestando um servi\u00e7o com dedica\u00e7\u00e3o e coragem, garantindo seguran\u00e7a \u00e0 popula\u00e7\u00e3o da Zona da Mata. Celebrar mais um anivers\u00e1rio \u00e9 reconhecer o compromisso di\u00e1rio de homens e mulheres que fazem da prote\u00e7\u00e3o \u00e0 sociedade a sua miss\u00e3o\u201d, ressaltou o comandante.<\/p>\n<p>J\u00e1 o atual comandante da unidade, major Glauber Santana, falou do orgulho de estar \u00e0 frente do batalh\u00e3o.<\/p>\n<p><img decoding=\"async\" src=\"http:\/\/alagoas.al.gov.br\/imagens\/conteudos\/f6d2646219b6546e04abe74aa31d6088\/\/aaaaaa%20(6).jpeg\"><\/p>\n<p>\u201c\u00c9 uma honra imensa comandar o 2\u00ba Batalh\u00e3o, uma unidade com tanta tradi\u00e7\u00e3o e relev\u00e2ncia para a hist\u00f3ria da Pol\u00edcia Militar de Alagoas. Tenho orgulho da tropa comprometida que atua diariamente com coragem e profissionalismo, protegendo e servindo com excel\u00eancia \u00e0 nossa sociedade\u201d, destacou o oficial.<\/p>\n<p><b>Trajet\u00f3ria de excel\u00eancia<\/b><\/p>\n<p>O 2\u00ba Batalh\u00e3o de Pol\u00edcia Militar de Alagoas, atualmente denominado Batalh\u00e3o Coronel Sebasti\u00e3o Ribeiro da Silva, foi criado em 23 de julho de 1936, por meio da Lei Estadual n\u00ba 1.288, com o objetivo principal de reprimir a criminalidade no Sert\u00e3o alagoano.<\/p>\n<p><img decoding=\"async\" src=\"http:\/\/alagoas.al.gov.br\/imagens\/conteudos\/f6d2646219b6546e04abe74aa31d6088\/\/aaaaaa%20(1).jpeg\"><\/p>\n<p>Ao longo das d\u00e9cadas seguintes, o 2\u00ba BPM passou por diversas transfer\u00eancias e reestrutura\u00e7\u00f5es. Em 1939, foi deslocado para a capital, permanecendo com parte de sua tropa no Sert\u00e3o at\u00e9 1948. Foi reorganizado, em 1960, e voltou brevemente a Santana do Ipanema, at\u00e9 ser instalado no Quartel Geral da PM-AL em 1961. Em 1970, ganhou nova estrutura e passou a funcionar no Grupamento Policial Militar do Trapiche da Barra.<\/p>\n<p>Com o Plano de Articula\u00e7\u00e3o Provis\u00f3ria de 1993, passou a contar com tr\u00eas companhias e um pelot\u00e3o de comando, atuando em 23 munic\u00edpios. Em 20 de novembro de 1994, teve sua sede transferida para Uni\u00e3o dos Palmares, ampliando sua presen\u00e7a na Zona da Mata alagoana.<\/p>\n<p>Com Ag\u00eancia Alagoas&nbsp;<\/p>\n<span style=\"clear:both;display:none;\"><img src=\"http:\/\/www.muricionline.com.br\/novo\/wp-content\/plugins\/wp-spamfree\/img\/wpsf-img.php\" width=\"0\" height=\"0\" alt=\"\" style=\"border-style:none;width:0px;height:0px;display:none;\" \/><\/span>","protected":false},"excerpt":{"rendered":"<p>A manh\u00e3 desta quarta-feira (23) foi de festa e homenagens a um dos batalh\u00f5es mais antigos da Pol\u00edcia Militar de Alagoas. Com sede no ber\u00e7o da resist\u00eancia de Zumbi dos Palmares, o 2\u00ba BPM celebrou 89 anos de hist\u00f3ria. A solenidade aconteceu no Centro Integrado de Seguran\u00e7a P\u00fablica (Cisp) de Uni\u00e3o dos Palmares e reuniu&#8230;<\/p>\n","protected":false},"author":1,"featured_media":24241,"comment_status":"open","ping_status":"open","sticky":false,"template":"","format":"standard","meta":{"footnotes":""},"categories":[1],"tags":[5],"_links":{"self":[{"href":"http:\/\/www.muricionline.com.br\/novo\/index.php?rest_route=\/wp\/v2\/posts\/24240"}],"collection":[{"href":"http:\/\/www.muricionline.com.br\/novo\/index.php?rest_route=\/wp\/v2\/posts"}],"about":[{"href":"http:\/\/www.muricionline.com.br\/novo\/index.php?rest_route=\/wp\/v2\/types\/post"}],"author":[{"embeddable":true,"href":"http:\/\/www.muricionline.com.br\/novo\/index.php?rest_route=\/wp\/v2\/users\/1"}],"replies":[{"embeddable":true,"href":"http:\/\/www.muricionline.com.br\/novo\/index.php?rest_route=%2Fwp%2Fv2%2Fcomments&post=24240"}],"version-history":[{"count":1,"href":"http:\/\/www.muricionline.com.br\/novo\/index.php?rest_route=\/wp\/v2\/posts\/24240\/revisions"}],"predecessor-version":[{"id":24242,"href":"http:\/\/www.muricionline.com.br\/novo\/index.php?rest_route=\/wp\/v2\/posts\/24240\/revisions\/24242"}],"wp:featuredmedia":[{"embeddable":true,"href":"http:\/\/www.muricionline.com.br\/novo\/index.php?rest_route=\/wp\/v2\/media\/24241"}],"wp:attachment":[{"href":"http:\/\/www.muricionline.com.br\/novo\/index.php?rest_route=%2Fwp%2Fv2%2Fmedia&parent=24240"}],"wp:term":[{"taxonomy":"category","embeddable":true,"href":"http:\/\/www.muricionline.com.br\/novo\/index.php?rest_route=%2Fwp%2Fv2%2Fcategories&post=24240"},{"taxonomy":"post_tag","embeddable":true,"href":"http:\/\/www.muricionline.com.br\/novo\/index.php?rest_route=%2Fwp%2Fv2%2Ftags&post=24240"}],"curies":[{"name":"wp","href":"https:\/\/api.w.org\/{rel}","templated":true}]}}