{"id":24243,"date":"2025-07-24T09:44:54","date_gmt":"2025-07-24T12:44:54","guid":{"rendered":"https:\/\/www.muricionline.com.br\/novo\/?p=24243"},"modified":"2025-07-24T09:44:54","modified_gmt":"2025-07-24T12:44:54","slug":"em-mais-um-ano-municipio-de-branquinha-supera-meta-e-avanca-na-alfabetizacao-na-idade-certao","status":"publish","type":"post","link":"http:\/\/www.muricionline.com.br\/novo\/?p=24243","title":{"rendered":"Em mais um ano, munic\u00edpio de Branquinha supera meta e avan\u00e7a na alfabetiza\u00e7\u00e3o na idade cert\u00e3o"},"content":{"rendered":"<p>Na \u00faltima semana, o Minist\u00e9rio da Educa\u00e7\u00e3o (MEC), divulgou o ranking de alfabetiza\u00e7\u00e3o dos alunos at\u00e9 o final do 2\u00ba ano do ensino fundamental. O indicador aponta que 79,89% das crian\u00e7as foram alfabetizadas na idade certa em 2024 em Branquinha; o que coloca o munic\u00edpio como um dos que mais avan\u00e7a em Alagoas.<\/p>\n<p>\u201cCom a\u00e7\u00f5es pedag\u00f3gicas e investimentos permanentes, seja na parte estrutural das unidades, a aquisi\u00e7\u00e3o de novos mobili\u00e1rios e equipamentos, como tamb\u00e9m, na valoriza\u00e7\u00e3o dos nossos profissionais, estamos acelerando o processo de desenvolvimento e assegurando que Branquinha seja refer\u00eancia dentro e fora do estado. Em pouco mais de quatro anos, os avan\u00e7os s\u00e3o vis\u00edveis; e esse resultado positivo nos imp\u00f5e uma responsabilidade ainda maior de nos manter no patamar de excel\u00eancia que nossos estudantes merecem. Agrade\u00e7o ao secret\u00e1rio Ednaldo Firmino e a todos que integram a educa\u00e7\u00e3o municipal pelo empenho di\u00e1rio\u201d, comemorou o prefeito Neno Freitas.<br \/>\n_Crian\u00e7a Alfabetizada_<br \/>\nO Compromisso Nacional Crian\u00e7a Alfabetizada busca, em regime de colabora\u00e7\u00e3o entre a Uni\u00e3o, os estados, o Distrito Federal e os munic\u00edpios, garantir que 100% das crian\u00e7as do 2\u00ba ano do ensino fundamental saibam ler e escrever.<\/p>\n<p>De acordo com o Instituto Nacional de Estudos e Pesquisas Educacionais An\u00edsio Teixeira (Inep), o \u00edndice foi obtido a partir das avalia\u00e7\u00f5es conduzidas pelos estados em 2024.<\/p>\n<p>Com Assessoria&nbsp;<\/p>\n<span style=\"clear:both;display:none;\"><img src=\"http:\/\/www.muricionline.com.br\/novo\/wp-content\/plugins\/wp-spamfree\/img\/wpsf-img.php\" width=\"0\" height=\"0\" alt=\"\" style=\"border-style:none;width:0px;height:0px;display:none;\" \/><\/span>","protected":false},"excerpt":{"rendered":"<p>Na \u00faltima semana, o Minist\u00e9rio da Educa\u00e7\u00e3o (MEC), divulgou o ranking de alfabetiza\u00e7\u00e3o dos alunos at\u00e9 o final do 2\u00ba ano do ensino fundamental. O indicador aponta que 79,89% das crian\u00e7as foram alfabetizadas na idade certa em 2024 em Branquinha; o que coloca o munic\u00edpio como um dos que mais avan\u00e7a em Alagoas. \u201cCom a\u00e7\u00f5es&#8230;<\/p>\n","protected":false},"author":1,"featured_media":24244,"comment_status":"open","ping_status":"open","sticky":false,"template":"","format":"standard","meta":{"footnotes":""},"categories":[1],"tags":[5],"_links":{"self":[{"href":"http:\/\/www.muricionline.com.br\/novo\/index.php?rest_route=\/wp\/v2\/posts\/24243"}],"collection":[{"href":"http:\/\/www.muricionline.com.br\/novo\/index.php?rest_route=\/wp\/v2\/posts"}],"about":[{"href":"http:\/\/www.muricionline.com.br\/novo\/index.php?rest_route=\/wp\/v2\/types\/post"}],"author":[{"embeddable":true,"href":"http:\/\/www.muricionline.com.br\/novo\/index.php?rest_route=\/wp\/v2\/users\/1"}],"replies":[{"embeddable":true,"href":"http:\/\/www.muricionline.com.br\/novo\/index.php?rest_route=%2Fwp%2Fv2%2Fcomments&post=24243"}],"version-history":[{"count":1,"href":"http:\/\/www.muricionline.com.br\/novo\/index.php?rest_route=\/wp\/v2\/posts\/24243\/revisions"}],"predecessor-version":[{"id":24245,"href":"http:\/\/www.muricionline.com.br\/novo\/index.php?rest_route=\/wp\/v2\/posts\/24243\/revisions\/24245"}],"wp:featuredmedia":[{"embeddable":true,"href":"http:\/\/www.muricionline.com.br\/novo\/index.php?rest_route=\/wp\/v2\/media\/24244"}],"wp:attachment":[{"href":"http:\/\/www.muricionline.com.br\/novo\/index.php?rest_route=%2Fwp%2Fv2%2Fmedia&parent=24243"}],"wp:term":[{"taxonomy":"category","embeddable":true,"href":"http:\/\/www.muricionline.com.br\/novo\/index.php?rest_route=%2Fwp%2Fv2%2Fcategories&post=24243"},{"taxonomy":"post_tag","embeddable":true,"href":"http:\/\/www.muricionline.com.br\/novo\/index.php?rest_route=%2Fwp%2Fv2%2Ftags&post=24243"}],"curies":[{"name":"wp","href":"https:\/\/api.w.org\/{rel}","templated":true}]}}