{"id":24246,"date":"2025-07-24T09:46:41","date_gmt":"2025-07-24T12:46:41","guid":{"rendered":"https:\/\/www.muricionline.com.br\/novo\/?p=24246"},"modified":"2025-07-24T09:46:41","modified_gmt":"2025-07-24T12:46:41","slug":"santana-do-mundau-e-o-2o-municipio-de-alagoas-que-mais-alfabetiza-na-idade-certa","status":"publish","type":"post","link":"http:\/\/www.muricionline.com.br\/novo\/?p=24246","title":{"rendered":"Santana do Munda\u00fa \u00e9 o 2\u00ba munic\u00edpio de Alagoas que mais alfabetiza na idade certa"},"content":{"rendered":"<p>Nos \u00edndices de alfabetiza\u00e7\u00e3o, referente aos alunos com at\u00e9 8 anos, o Minist\u00e9rio da Educa\u00e7\u00e3o (MEC), divulgou na \u00faltima semana, que com 97% das crian\u00e7as alfabetizadas na idade certa em 2024, Santana do Munda\u00fa \u00e9 o 2\u00ba munic\u00edpio que mais alfabetiza em Alagoas.<\/p>\n<p>\u201cDesde a gest\u00e3o do Arthur Freitas e quando ainda exercia o cargo de secret\u00e1rio de educa\u00e7\u00e3o, que nos desdobramos para garantir investimentos que transformassem a educa\u00e7\u00e3o do nosso munic\u00edpio em uma refer\u00eancia. Hoje, enquanto gestor, me orgulho em continuar recebendo not\u00edcias como essa, que nos mant\u00e9m no patamar de excel\u00eancia dentro e fora do estado. Com dedica\u00e7\u00e3o, trabalho s\u00e9rio e muito empenho de toda a nossa equipe, seguiremos transformando o presente e garantindo um futuro melhor para todos os mundauenses\u201d, disse o prefeito, Andr\u00e9 Castro.<\/p>\n<p>_Crian\u00e7a Alfabetizada_<br \/>\nO Compromisso Nacional Crian\u00e7a Alfabetizada busca, em regime de colabora\u00e7\u00e3o entre a Uni\u00e3o, os estados, o Distrito Federal e os munic\u00edpios, garantir que 100% das crian\u00e7as do 2\u00ba ano do ensino fundamental saibam ler e escrever.<\/p>\n<p>De acordo com o Instituto Nacional de Estudos e Pesquisas Educacionais An\u00edsio Teixeira (Inep), o \u00edndice foi obtido a partir das avalia\u00e7\u00f5es conduzidas pelos estados em 2024.<\/p>\n<p>Por Assessoria&nbsp;<\/p>\n<span style=\"clear:both;display:none;\"><img src=\"http:\/\/www.muricionline.com.br\/novo\/wp-content\/plugins\/wp-spamfree\/img\/wpsf-img.php\" width=\"0\" height=\"0\" alt=\"\" style=\"border-style:none;width:0px;height:0px;display:none;\" \/><\/span>","protected":false},"excerpt":{"rendered":"<p>Nos \u00edndices de alfabetiza\u00e7\u00e3o, referente aos alunos com at\u00e9 8 anos, o Minist\u00e9rio da Educa\u00e7\u00e3o (MEC), divulgou na \u00faltima semana, que com 97% das crian\u00e7as alfabetizadas na idade certa em 2024, Santana do Munda\u00fa \u00e9 o 2\u00ba munic\u00edpio que mais alfabetiza em Alagoas. \u201cDesde a gest\u00e3o do Arthur Freitas e quando ainda exercia o cargo&#8230;<\/p>\n","protected":false},"author":1,"featured_media":24247,"comment_status":"open","ping_status":"open","sticky":false,"template":"","format":"standard","meta":{"footnotes":""},"categories":[1],"tags":[5],"_links":{"self":[{"href":"http:\/\/www.muricionline.com.br\/novo\/index.php?rest_route=\/wp\/v2\/posts\/24246"}],"collection":[{"href":"http:\/\/www.muricionline.com.br\/novo\/index.php?rest_route=\/wp\/v2\/posts"}],"about":[{"href":"http:\/\/www.muricionline.com.br\/novo\/index.php?rest_route=\/wp\/v2\/types\/post"}],"author":[{"embeddable":true,"href":"http:\/\/www.muricionline.com.br\/novo\/index.php?rest_route=\/wp\/v2\/users\/1"}],"replies":[{"embeddable":true,"href":"http:\/\/www.muricionline.com.br\/novo\/index.php?rest_route=%2Fwp%2Fv2%2Fcomments&post=24246"}],"version-history":[{"count":1,"href":"http:\/\/www.muricionline.com.br\/novo\/index.php?rest_route=\/wp\/v2\/posts\/24246\/revisions"}],"predecessor-version":[{"id":24248,"href":"http:\/\/www.muricionline.com.br\/novo\/index.php?rest_route=\/wp\/v2\/posts\/24246\/revisions\/24248"}],"wp:featuredmedia":[{"embeddable":true,"href":"http:\/\/www.muricionline.com.br\/novo\/index.php?rest_route=\/wp\/v2\/media\/24247"}],"wp:attachment":[{"href":"http:\/\/www.muricionline.com.br\/novo\/index.php?rest_route=%2Fwp%2Fv2%2Fmedia&parent=24246"}],"wp:term":[{"taxonomy":"category","embeddable":true,"href":"http:\/\/www.muricionline.com.br\/novo\/index.php?rest_route=%2Fwp%2Fv2%2Fcategories&post=24246"},{"taxonomy":"post_tag","embeddable":true,"href":"http:\/\/www.muricionline.com.br\/novo\/index.php?rest_route=%2Fwp%2Fv2%2Ftags&post=24246"}],"curies":[{"name":"wp","href":"https:\/\/api.w.org\/{rel}","templated":true}]}}