{"id":24249,"date":"2025-07-28T10:26:50","date_gmt":"2025-07-28T13:26:50","guid":{"rendered":"https:\/\/www.muricionline.com.br\/novo\/?p=24249"},"modified":"2025-07-28T10:26:50","modified_gmt":"2025-07-28T13:26:50","slug":"com-avancos-educacionais-branquinha-e-destaque-em-programa-da-rede-uol-de-noticias","status":"publish","type":"post","link":"http:\/\/www.muricionline.com.br\/novo\/?p=24249","title":{"rendered":"Com avan\u00e7os educacionais, Branquinha \u00e9 destaque em programa da rede UOL de not\u00edcias"},"content":{"rendered":"<p>Na sexta-feira (25), no \u2018A Hora\u2019 &#8211; podcast de not\u00edcias do UOL, apresentado pelos jornalistas Thais Bilenky e Jos\u00e9 Roberto de Toledo, o munic\u00edpio de Branquinha foi citado como um dos exemplos bem sucedidos do pa\u00eds referente \u00e0s a\u00e7\u00f5es adotadas na educa\u00e7\u00e3o municipal. Nesta segunda (28), atrav\u00e9s dos perfis oficiais do ve\u00edculo nas redes sociais, o munic\u00edpio mais uma vez foi destaque.<\/p>\n<p>Na \u00faltima semana, o Minist\u00e9rio da Educa\u00e7\u00e3o (MEC), divulgou o ranking de alfabetiza\u00e7\u00e3o dos alunos at\u00e9 o final do 2\u00ba ano do ensino fundamental. O indicador aponta que 79,89% das crian\u00e7as foram alfabetizadas na idade certa em 2024 em Branquinha; o que coloca a cidade como uma das que mais avan\u00e7a em Alagoas.<\/p>\n<p>\u201cCom a\u00e7\u00f5es pedag\u00f3gicas e investimentos permanentes, seja na parte estrutural das unidades, a aquisi\u00e7\u00e3o de novos mobili\u00e1rios e equipamentos, como tamb\u00e9m, na valoriza\u00e7\u00e3o dos nossos profissionais, estamos acelerando o processo de desenvolvimento e assegurando que Branquinha seja refer\u00eancia dentro e fora do estado. Em pouco mais de quatro anos, os avan\u00e7os s\u00e3o vis\u00edveis; e esse resultado positivo nos imp\u00f5e uma responsabilidade ainda maior de nos manter no patamar de excel\u00eancia que nossos estudantes merecem. Agrade\u00e7o ao secret\u00e1rio Ednaldo Firmino e a todos que integram a educa\u00e7\u00e3o municipal pelo empenho di\u00e1rio\u201d, comemorou o prefeito Neno Freitas.<\/p>\n<p>Por Assessoria&nbsp;<\/p>\n<span style=\"clear:both;display:none;\"><img src=\"http:\/\/www.muricionline.com.br\/novo\/wp-content\/plugins\/wp-spamfree\/img\/wpsf-img.php\" width=\"0\" height=\"0\" alt=\"\" style=\"border-style:none;width:0px;height:0px;display:none;\" \/><\/span>","protected":false},"excerpt":{"rendered":"<p>Na sexta-feira (25), no \u2018A Hora\u2019 &#8211; podcast de not\u00edcias do UOL, apresentado pelos jornalistas Thais Bilenky e Jos\u00e9 Roberto de Toledo, o munic\u00edpio de Branquinha foi citado como um dos exemplos bem sucedidos do pa\u00eds referente \u00e0s a\u00e7\u00f5es adotadas na educa\u00e7\u00e3o municipal. Nesta segunda (28), atrav\u00e9s dos perfis oficiais do ve\u00edculo nas redes sociais,&#8230;<\/p>\n","protected":false},"author":1,"featured_media":24250,"comment_status":"open","ping_status":"open","sticky":false,"template":"","format":"standard","meta":{"footnotes":""},"categories":[1],"tags":[5],"_links":{"self":[{"href":"http:\/\/www.muricionline.com.br\/novo\/index.php?rest_route=\/wp\/v2\/posts\/24249"}],"collection":[{"href":"http:\/\/www.muricionline.com.br\/novo\/index.php?rest_route=\/wp\/v2\/posts"}],"about":[{"href":"http:\/\/www.muricionline.com.br\/novo\/index.php?rest_route=\/wp\/v2\/types\/post"}],"author":[{"embeddable":true,"href":"http:\/\/www.muricionline.com.br\/novo\/index.php?rest_route=\/wp\/v2\/users\/1"}],"replies":[{"embeddable":true,"href":"http:\/\/www.muricionline.com.br\/novo\/index.php?rest_route=%2Fwp%2Fv2%2Fcomments&post=24249"}],"version-history":[{"count":1,"href":"http:\/\/www.muricionline.com.br\/novo\/index.php?rest_route=\/wp\/v2\/posts\/24249\/revisions"}],"predecessor-version":[{"id":24251,"href":"http:\/\/www.muricionline.com.br\/novo\/index.php?rest_route=\/wp\/v2\/posts\/24249\/revisions\/24251"}],"wp:featuredmedia":[{"embeddable":true,"href":"http:\/\/www.muricionline.com.br\/novo\/index.php?rest_route=\/wp\/v2\/media\/24250"}],"wp:attachment":[{"href":"http:\/\/www.muricionline.com.br\/novo\/index.php?rest_route=%2Fwp%2Fv2%2Fmedia&parent=24249"}],"wp:term":[{"taxonomy":"category","embeddable":true,"href":"http:\/\/www.muricionline.com.br\/novo\/index.php?rest_route=%2Fwp%2Fv2%2Fcategories&post=24249"},{"taxonomy":"post_tag","embeddable":true,"href":"http:\/\/www.muricionline.com.br\/novo\/index.php?rest_route=%2Fwp%2Fv2%2Ftags&post=24249"}],"curies":[{"name":"wp","href":"https:\/\/api.w.org\/{rel}","templated":true}]}}