{"id":24548,"date":"2025-10-29T19:58:33","date_gmt":"2025-10-29T22:58:33","guid":{"rendered":"https:\/\/www.muricionline.com.br\/novo\/?p=24548"},"modified":"2025-10-31T07:59:44","modified_gmt":"2025-10-31T10:59:44","slug":"murici-promove-acao-do-outubro-rosa-com-oferta-de-exames-de-prevencao-e-cuidados-com-a-saude-da-mulher","status":"publish","type":"post","link":"http:\/\/www.muricionline.com.br\/novo\/?p=24548","title":{"rendered":"Murici promove a\u00e7\u00e3o do Outubro Rosa com oferta de exames de preven\u00e7\u00e3o e cuidados com a sa\u00fade da mulher"},"content":{"rendered":"<p>Em uma a\u00e7\u00e3o conjunta voltada ao Outubro Rosa, m\u00eas dedicado aos cuidados com a sa\u00fade da mulher, as secretarias de Sa\u00fade (SMS) e de Assist\u00eancia Social (SEMAS) de Murici promoveram nesta quarta-feira, 29, diversos servi\u00e7os voltados ao p\u00fablico feminino, com o objetivo de refor\u00e7ar a preven\u00e7\u00e3o do c\u00e2ncer de mama e do colo do \u00fatero.<\/p>\n<p>Ao longo do dia, foram realizados consultas e exames no Centro de Diagn\u00f3stico do Munic\u00edpio (CDM), como ultrassonografia de mama, ultrassonografia p\u00e9lvica e endovaginal, citologia e testes r\u00e1pidos para HIV, s\u00edfilis e hepatite. J\u00e1 na sede da SEMAS, o p\u00fablico participou de oficina de autocuidado com fisioterapeutas, aul\u00e3o de zumba e palestras de conscientiza\u00e7\u00e3o sobre o c\u00e2ncer de mama e os direitos da mulher.<\/p>\n<p>*Dados*<\/p>\n<p>O c\u00e2ncer de mama \u00e9 o tipo mais comum entre mulheres no Brasil, com estimativa de 73.610 novos casos em 2025 e mais de 20 mil mortes registradas em 2023. A incid\u00eancia e a mortalidade tendem a aumentar a partir dos 50 anos, embora uma em cada tr\u00eas pacientes diagnosticadas no pa\u00eds tenha menos de 50 anos.<\/p>\n<p>_Por Ascom Prefeitura de Murici_<\/p>\n<span style=\"clear:both;display:none;\"><img src=\"http:\/\/www.muricionline.com.br\/novo\/wp-content\/plugins\/wp-spamfree\/img\/wpsf-img.php\" width=\"0\" height=\"0\" alt=\"\" style=\"border-style:none;width:0px;height:0px;display:none;\" \/><\/span>","protected":false},"excerpt":{"rendered":"<p>Em uma a\u00e7\u00e3o conjunta voltada ao Outubro Rosa, m\u00eas dedicado aos cuidados com a sa\u00fade da mulher, as secretarias de Sa\u00fade (SMS) e de Assist\u00eancia Social (SEMAS) de Murici promoveram nesta quarta-feira, 29, diversos servi\u00e7os voltados ao p\u00fablico feminino, com o objetivo de refor\u00e7ar a preven\u00e7\u00e3o do c\u00e2ncer de mama e do colo do \u00fatero&#8230;.<\/p>\n","protected":false},"author":1,"featured_media":24549,"comment_status":"open","ping_status":"open","sticky":false,"template":"","format":"standard","meta":{"footnotes":""},"categories":[1],"tags":[5],"_links":{"self":[{"href":"http:\/\/www.muricionline.com.br\/novo\/index.php?rest_route=\/wp\/v2\/posts\/24548"}],"collection":[{"href":"http:\/\/www.muricionline.com.br\/novo\/index.php?rest_route=\/wp\/v2\/posts"}],"about":[{"href":"http:\/\/www.muricionline.com.br\/novo\/index.php?rest_route=\/wp\/v2\/types\/post"}],"author":[{"embeddable":true,"href":"http:\/\/www.muricionline.com.br\/novo\/index.php?rest_route=\/wp\/v2\/users\/1"}],"replies":[{"embeddable":true,"href":"http:\/\/www.muricionline.com.br\/novo\/index.php?rest_route=%2Fwp%2Fv2%2Fcomments&post=24548"}],"version-history":[{"count":1,"href":"http:\/\/www.muricionline.com.br\/novo\/index.php?rest_route=\/wp\/v2\/posts\/24548\/revisions"}],"predecessor-version":[{"id":24550,"href":"http:\/\/www.muricionline.com.br\/novo\/index.php?rest_route=\/wp\/v2\/posts\/24548\/revisions\/24550"}],"wp:featuredmedia":[{"embeddable":true,"href":"http:\/\/www.muricionline.com.br\/novo\/index.php?rest_route=\/wp\/v2\/media\/24549"}],"wp:attachment":[{"href":"http:\/\/www.muricionline.com.br\/novo\/index.php?rest_route=%2Fwp%2Fv2%2Fmedia&parent=24548"}],"wp:term":[{"taxonomy":"category","embeddable":true,"href":"http:\/\/www.muricionline.com.br\/novo\/index.php?rest_route=%2Fwp%2Fv2%2Fcategories&post=24548"},{"taxonomy":"post_tag","embeddable":true,"href":"http:\/\/www.muricionline.com.br\/novo\/index.php?rest_route=%2Fwp%2Fv2%2Ftags&post=24548"}],"curies":[{"name":"wp","href":"https:\/\/api.w.org\/{rel}","templated":true}]}}