{"id":25053,"date":"2026-04-28T16:42:55","date_gmt":"2026-04-28T19:42:55","guid":{"rendered":"https:\/\/www.muricionline.com.br\/novo\/?p=25053"},"modified":"2026-05-02T08:44:46","modified_gmt":"2026-05-02T11:44:46","slug":"314-familias-de-sao-jose-da-laje-recebem-titulos-de-propriedade-do-programa-moradia-legal","status":"publish","type":"post","link":"http:\/\/www.muricionline.com.br\/novo\/?p=25053","title":{"rendered":"314 Fam\u00edlias de S\u00e3o Jos\u00e9 da Laje recebem t\u00edtulos de propriedade do Programa Moradia Legal"},"content":{"rendered":"<p>O Programa de regulariza\u00e7\u00e3o fundi\u00e1ria do Tribunal de Justi\u00e7a de Alagoas (TJ-AL) &#8211; Moradia Legal, em parceria com a Prefeitura de S\u00e3o Jos\u00e9 da Laje, nesta sexta-feira (24), entregou 314 t\u00edtulos de propriedade de casas.<\/p>\n<p>A cerim\u00f4nia contou com a presen\u00e7a da prefeita Angela Vanessa, da vice-prefeita Ravena de Neno, al\u00e9m de demais autoridades municipais e representantes do Poder Judici\u00e1rio, que prestigiaram esse momento hist\u00f3rico para centenas de fam\u00edlias lajenses.<\/p>\n<p>O programa \u00e9 fruto de uma parceria s\u00f3lida entre o TJAL, a Corregedoria-Geral da Justi\u00e7a de Alagoas (CGJ), a Associa\u00e7\u00e3o dos Not\u00e1rios e Registradores de Alagoas (Anoreg\/AL) e a Prefeitura de S\u00e3o Jos\u00e9 da Laje. Em edi\u00e7\u00f5es anteriores, milhares de fam\u00edlias j\u00e1 foram contempladas na regi\u00e3o.<\/p>\n<p><img loading=\"lazy\" decoding=\"async\" class=\"alignnone size-full wp-image-25055\" src=\"http:\/\/www.muricionline.com.br\/novo\/wp-content\/uploads\/2026\/05\/4f880dfb-d302-421e-8e9a-2e7fc86d802e.jpeg\" alt=\"\" width=\"1280\" height=\"906\" srcset=\"http:\/\/www.muricionline.com.br\/novo\/wp-content\/uploads\/2026\/05\/4f880dfb-d302-421e-8e9a-2e7fc86d802e.jpeg 1280w, http:\/\/www.muricionline.com.br\/novo\/wp-content\/uploads\/2026\/05\/4f880dfb-d302-421e-8e9a-2e7fc86d802e-150x106.jpeg 150w, http:\/\/www.muricionline.com.br\/novo\/wp-content\/uploads\/2026\/05\/4f880dfb-d302-421e-8e9a-2e7fc86d802e-400x283.jpeg 400w, http:\/\/www.muricionline.com.br\/novo\/wp-content\/uploads\/2026\/05\/4f880dfb-d302-421e-8e9a-2e7fc86d802e-768x544.jpeg 768w\" sizes=\"(max-width: 1280px) 100vw, 1280px\" \/><\/p>\n<p>A a\u00e7\u00e3o garante seguran\u00e7a jur\u00eddica e reconhecimento oficial da posse dos im\u00f3veis, proporcionando mais tranquilidade, dignidade e cidadania para os moradores contemplados.<\/p>\n<p>A entrega dos t\u00edtulos representa um passo fundamental para o desenvolvimento urbano de S\u00e3o Jos\u00e9 da Laje, transformando a realidade de muitos lajenses que esperavam h\u00e1 d\u00e9cadas por este documento.<\/p>\n<p>O evento foi marcado por emo\u00e7\u00e3o e gratid\u00e3o das fam\u00edlias que receberam a documenta\u00e7\u00e3o definitiva de seus lares, concretizando um sonho aguardado h\u00e1 muitos anos.<\/p>\n<p>Por Assessoria&nbsp;<\/p>\n<span style=\"clear:both;display:none;\"><img src=\"http:\/\/www.muricionline.com.br\/novo\/wp-content\/plugins\/wp-spamfree\/img\/wpsf-img.php\" width=\"0\" height=\"0\" alt=\"\" style=\"border-style:none;width:0px;height:0px;display:none;\" \/><\/span>","protected":false},"excerpt":{"rendered":"<p>O Programa de regulariza\u00e7\u00e3o fundi\u00e1ria do Tribunal de Justi\u00e7a de Alagoas (TJ-AL) &#8211; Moradia Legal, em parceria com a Prefeitura de S\u00e3o Jos\u00e9 da Laje, nesta sexta-feira (24), entregou 314 t\u00edtulos de propriedade de casas. A cerim\u00f4nia contou com a presen\u00e7a da prefeita Angela Vanessa, da vice-prefeita Ravena de Neno, al\u00e9m de demais autoridades municipais&#8230;<\/p>\n","protected":false},"author":1,"featured_media":25054,"comment_status":"open","ping_status":"open","sticky":false,"template":"","format":"standard","meta":{"footnotes":""},"categories":[1],"tags":[5],"_links":{"self":[{"href":"http:\/\/www.muricionline.com.br\/novo\/index.php?rest_route=\/wp\/v2\/posts\/25053"}],"collection":[{"href":"http:\/\/www.muricionline.com.br\/novo\/index.php?rest_route=\/wp\/v2\/posts"}],"about":[{"href":"http:\/\/www.muricionline.com.br\/novo\/index.php?rest_route=\/wp\/v2\/types\/post"}],"author":[{"embeddable":true,"href":"http:\/\/www.muricionline.com.br\/novo\/index.php?rest_route=\/wp\/v2\/users\/1"}],"replies":[{"embeddable":true,"href":"http:\/\/www.muricionline.com.br\/novo\/index.php?rest_route=%2Fwp%2Fv2%2Fcomments&post=25053"}],"version-history":[{"count":1,"href":"http:\/\/www.muricionline.com.br\/novo\/index.php?rest_route=\/wp\/v2\/posts\/25053\/revisions"}],"predecessor-version":[{"id":25056,"href":"http:\/\/www.muricionline.com.br\/novo\/index.php?rest_route=\/wp\/v2\/posts\/25053\/revisions\/25056"}],"wp:featuredmedia":[{"embeddable":true,"href":"http:\/\/www.muricionline.com.br\/novo\/index.php?rest_route=\/wp\/v2\/media\/25054"}],"wp:attachment":[{"href":"http:\/\/www.muricionline.com.br\/novo\/index.php?rest_route=%2Fwp%2Fv2%2Fmedia&parent=25053"}],"wp:term":[{"taxonomy":"category","embeddable":true,"href":"http:\/\/www.muricionline.com.br\/novo\/index.php?rest_route=%2Fwp%2Fv2%2Fcategories&post=25053"},{"taxonomy":"post_tag","embeddable":true,"href":"http:\/\/www.muricionline.com.br\/novo\/index.php?rest_route=%2Fwp%2Fv2%2Ftags&post=25053"}],"curies":[{"name":"wp","href":"https:\/\/api.w.org\/{rel}","templated":true}]}}