{"id":4699,"date":"2017-01-26T21:25:02","date_gmt":"2017-01-27T00:25:02","guid":{"rendered":"http:\/\/www.muricionline.com.br\/novo\/?p=4699"},"modified":"2017-01-26T21:25:02","modified_gmt":"2017-01-27T00:25:02","slug":"pc-deflagra-operacao-e-prende-quatro-por-homicidio-em-murici","status":"publish","type":"post","link":"http:\/\/www.muricionline.com.br\/novo\/?p=4699","title":{"rendered":"PC deflagra opera\u00e7\u00e3o e prende quatro por homic\u00eddio em Murici"},"content":{"rendered":"<p>&nbsp;<\/p>\n<p>Policiais civis do 117\u00b0 Distrito Policial (117\u00ba DP), comandados pelo delegado Cayo Rodrigues, deflagraram uma opera\u00e7\u00e3o nesta quinta-feira (26), e prenderam quatro acusados de assassinar um jovem no Rio Munda\u00fa, em Murici, na Zona da Mata alagoana.<\/p>\n<p>Jos\u00e9 Adenilson Oliveira dos Santos, 19 anos, conhecido como \u201cPipi\u201d e Ant\u00f4nio Jos\u00e9 dos Santos Neto, de 19 anos, o \u201cTai\u201d, foram detidos no Centro do munic\u00edpio, juntamente com dois menores que foram apreendidos.<\/p>\n<p>Segundo o delegado os quatro s\u00e3o acusados de executar Edvaldo Alves Barbosa Filho, 19 anos, no dia 06 de dezembro do ano passado.<\/p>\n<p>\u201cEles convidaram a v\u00edtima para um banho numa localidade conhecida por ilha, em Murici. O crime j\u00e1 estava premeditado, ao chegaram l\u00e1, agarraram ele pelo pesco\u00e7o, afogaram, esfaquearam e deram pauladas. Depois, esconderam o corpo embaixo da vegeta\u00e7\u00e3o aqu\u00e1tica\u201d, disse o delegado.<\/p>\n<p>O corpo de Edvaldo foi localizado com a cabe\u00e7a desfigurada, j\u00e1 em estado de putrefa\u00e7\u00e3o.<\/p>\n<p>Ap\u00f3s os quatro terem sido detidos, em cumprimento a mandados de pris\u00e3o expedidos pelo juiz Jos\u00e9 Alberto Ramos da comarca de Murici, foram conduzidos ao 117\u00baDP, onde est\u00e3o a disposi\u00e7\u00e3o da Justi\u00e7a.<\/p>\n<p>&nbsp;<\/p>\n<p>Com Ascom Polia Civil<\/p>\n<p>&nbsp;<\/p>\n<span style=\"clear:both;display:none;\"><img src=\"http:\/\/www.muricionline.com.br\/novo\/wp-content\/plugins\/wp-spamfree\/img\/wpsf-img.php\" width=\"0\" height=\"0\" alt=\"\" style=\"border-style:none;width:0px;height:0px;display:none;\" \/><\/span>","protected":false},"excerpt":{"rendered":"<p>&nbsp; Policiais civis do 117\u00b0 Distrito Policial (117\u00ba DP), comandados pelo delegado Cayo Rodrigues, deflagraram uma opera\u00e7\u00e3o nesta quinta-feira (26), e prenderam quatro acusados de assassinar um jovem no Rio Munda\u00fa, em Murici, na Zona da Mata alagoana. Jos\u00e9 Adenilson Oliveira dos Santos, 19 anos, conhecido como \u201cPipi\u201d e Ant\u00f4nio Jos\u00e9 dos Santos Neto, de&#8230;<\/p>\n","protected":false},"author":1,"featured_media":4700,"comment_status":"open","ping_status":"open","sticky":false,"template":"","format":"standard","meta":{"footnotes":""},"categories":[1],"tags":[5],"_links":{"self":[{"href":"http:\/\/www.muricionline.com.br\/novo\/index.php?rest_route=\/wp\/v2\/posts\/4699"}],"collection":[{"href":"http:\/\/www.muricionline.com.br\/novo\/index.php?rest_route=\/wp\/v2\/posts"}],"about":[{"href":"http:\/\/www.muricionline.com.br\/novo\/index.php?rest_route=\/wp\/v2\/types\/post"}],"author":[{"embeddable":true,"href":"http:\/\/www.muricionline.com.br\/novo\/index.php?rest_route=\/wp\/v2\/users\/1"}],"replies":[{"embeddable":true,"href":"http:\/\/www.muricionline.com.br\/novo\/index.php?rest_route=%2Fwp%2Fv2%2Fcomments&post=4699"}],"version-history":[{"count":1,"href":"http:\/\/www.muricionline.com.br\/novo\/index.php?rest_route=\/wp\/v2\/posts\/4699\/revisions"}],"predecessor-version":[{"id":4701,"href":"http:\/\/www.muricionline.com.br\/novo\/index.php?rest_route=\/wp\/v2\/posts\/4699\/revisions\/4701"}],"wp:featuredmedia":[{"embeddable":true,"href":"http:\/\/www.muricionline.com.br\/novo\/index.php?rest_route=\/wp\/v2\/media\/4700"}],"wp:attachment":[{"href":"http:\/\/www.muricionline.com.br\/novo\/index.php?rest_route=%2Fwp%2Fv2%2Fmedia&parent=4699"}],"wp:term":[{"taxonomy":"category","embeddable":true,"href":"http:\/\/www.muricionline.com.br\/novo\/index.php?rest_route=%2Fwp%2Fv2%2Fcategories&post=4699"},{"taxonomy":"post_tag","embeddable":true,"href":"http:\/\/www.muricionline.com.br\/novo\/index.php?rest_route=%2Fwp%2Fv2%2Ftags&post=4699"}],"curies":[{"name":"wp","href":"https:\/\/api.w.org\/{rel}","templated":true}]}}